{"id":106462,"date":"2026-04-14T19:15:13","date_gmt":"2026-04-14T16:15:13","guid":{"rendered":"https:\/\/prizrenpost.com\/al\/pakistani-dhe-be-ja-theksojne-diplomacine-per-ti-dhene-fund-konfliktit-shba-iran\/"},"modified":"2026-04-14T19:15:13","modified_gmt":"2026-04-14T16:15:13","slug":"pakistani-dhe-be-ja-theksojne-diplomacine-per-ti-dhene-fund-konfliktit-shba-iran","status":"publish","type":"post","link":"https:\/\/prizrenpost.com\/al\/pakistani-dhe-be-ja-theksojne-diplomacine-per-ti-dhene-fund-konfliktit-shba-iran\/","title":{"rendered":"Pakistani dhe BE-ja theksojn\u00eb diplomacin\u00eb p\u00ebr t\u2019i dh\u00ebn\u00eb fund konfliktit SHBA-Iran"},"content":{"rendered":"<figure class=\"post-featured-image\"><img decoding=\"async\" src=\"https:\/\/prizrenpost.com\/al\/wp-content\/uploads\/2026\/04\/thumbs_b_c_5c9a7ce33ad28a5504f2d0561aebc41e.jpg\" alt=\"Pakistani dhe BE-ja theksojn\u00eb diplomacin\u00eb p\u00ebr t\u2019i dh\u00ebn\u00eb fund konfliktit SHBA-Iran\"\/><\/figure>\n<p>Ministri i Jasht\u00ebm pakistanez, Ishaq Dar dhe shefja e politik\u00ebs s\u00eb jashtme t\u00eb BE-s\u00eb, Kaja Kallas theksuan sot diplomacin\u00eb p\u00ebr t\u2019i dh\u00ebn\u00eb fund konfliktit SHBA-Iran nd\u00ebrsa arm\u00ebpushimi 14-ditor skadon m\u00eb 22 prill, transmeton Anadolu.<\/p>\n<p>Dar p\u00ebrshkroi zhvillimet n\u00eb bisedimet e Islamabadit t\u00eb mbajtura gjat\u00eb fundjav\u00ebs nd\u00ebrsa Kallas p\u00ebrg\u00ebzoi rolin konstruktiv t\u00eb Pakistanit n\u00eb leht\u00ebsimin e negociatave t\u00eb drejtp\u00ebrdrejta, sipas nj\u00eb deklarate.<\/p>\n<p>\u201cT\u00eb dyja pal\u00ebt theksuan nevoj\u00ebn p\u00ebr dialog dhe diplomaci t\u00eb vazhdueshme p\u00ebr zgjidhjen e konfliktit\u201d, thuhet n\u00eb deklarat\u00ebn e Ministris\u00eb s\u00eb Jashtme t\u00eb Pakistanit. Dar zhvilloi gjithashtu nj\u00eb telefonat\u00eb me homologen e tij kanadeze, Anita Anand.<\/p>\n<p>Anand p\u00ebrg\u00ebzoi rolin e Pakistanit n\u00eb leht\u00ebsimin e dialogut nd\u00ebrsa Dar theksoi r\u00ebnd\u00ebsin\u00eb e respektimit t\u00eb arm\u00ebpushimit nga t\u00eb gjitha pal\u00ebt dhe riafirmoi angazhimin e Pakistanit p\u00ebr t\u00eb mb\u00ebshtetur dialogun dhe diplomacin\u00eb.<\/p>\n<p>Washingtoni dhe Teherani zhvilluan bisedime, m\u00eb t\u00eb r\u00ebnd\u00ebsishmet q\u00eb nga viti 1979 kur ata nd\u00ebrpren\u00eb marr\u00ebdh\u00ebniet diplomatike, n\u00eb kryeqytetin e Pakistanit, Islamabad, gjat\u00eb fundjav\u00ebs, si pjes\u00eb e p\u00ebrpjekjeve m\u00eb t\u00eb gjera p\u00ebr t\u2019i dh\u00ebn\u00eb fund ofensiv\u00ebs SHBA-Izrael ndaj Iranit q\u00eb ka vrar\u00eb mbi 3.300 njer\u00ebz q\u00eb nga 28 shkurti, p\u00ebrpara se t\u00eb nd\u00ebrmjet\u00ebsohej nj\u00eb arm\u00ebpushim i brisht\u00eb dyjavor jav\u00ebn e kaluar.<\/p>\n<p>Megjithat\u00eb, bisedimet mbet\u00ebn t\u00eb paqarta. Arm\u00ebpushimi u nd\u00ebrmjet\u00ebsua dhe u njoftua nga Pakistani m\u00eb 8 prill.<\/p>\n<p>M\u00eb von\u00eb, presidenti i SHBA-s\u00eb Donald Trump njoftoi bllokad\u00eb detare t\u00eb Ngushtic\u00ebs s\u00eb Hormuzit, e cila hyri n\u00eb fuqi n\u00eb or\u00ebn 14:00 GMT t\u00eb h\u00ebn\u00ebn.<\/p>\n<p>Kryeministri i Pakistanit, Shehbaz Sharif t\u00eb h\u00ebn\u00ebn tha se po b\u00ebhen p\u00ebrpjekje p\u00ebr t\u00eb \u201czgjidhur \u00e7\u00ebshtjet e pazgjidhura\u201d midis SHBA-s\u00eb dhe Iranit.<\/p>\n<p>Burime n\u00eb qeverin\u00eb pakistaneze i than\u00eb Anadolu-t t\u00eb h\u00ebn\u00ebn se raundi i ardhsh\u00ebm i bisedimeve \u201ct\u00eb nivelit t\u00eb lart\u00eb\u201d midis SHBA-s\u00eb dhe Iranit do t\u00eb mbahet n\u00eb Islamabad shum\u00eb shpejt, pa dh\u00ebn\u00eb dat\u00eb specifike.<\/p>\n<hr style=\"margin:30px 0\"\/>\n<p style=\"font-size:13px;color:#666\">Burimi: <strong>mesazhi<\/strong><\/p>\n","protected":false},"excerpt":{"rendered":"<p>Ministri i Jasht\u00ebm pakistanez, Ishaq Dar dhe shefja e politik\u00ebs s\u00eb jashtme t\u00eb BE-s\u00eb, Kaja Kallas theksuan sot diplomacin\u00eb p\u00ebr t\u2019i dh\u00ebn\u00eb fund konfliktit SHBA-Iran nd\u00ebrsa arm\u00ebpushimi 14-ditor skadon m\u00eb 22 prill, transmeton Anadolu. Dar p\u00ebrshkroi zhvillimet n\u00eb bisedimet e Islamabadit t\u00eb mbajtura gjat\u00eb fundjav\u00ebs nd\u00ebrsa Kallas p\u00ebrg\u00ebzoi rolin konstruktiv t\u00eb Pakistanit n\u00eb leht\u00ebsimin e [&hellip;]<\/p>\n","protected":false},"author":1,"featured_media":106461,"comment_status":"open","ping_status":"open","sticky":false,"template":"","format":"standard","meta":{"footnotes":""},"categories":[24],"tags":[3803],"class_list":["post-106462","post","type-post","status-publish","format-standard","has-post-thumbnail","hentry","category-bote","tag-aktuale"],"_links":{"self":[{"href":"https:\/\/prizrenpost.com\/al\/wp-json\/wp\/v2\/posts\/106462","targetHints":{"allow":["GET"]}}],"collection":[{"href":"https:\/\/prizrenpost.com\/al\/wp-json\/wp\/v2\/posts"}],"about":[{"href":"https:\/\/prizrenpost.com\/al\/wp-json\/wp\/v2\/types\/post"}],"author":[{"embeddable":true,"href":"https:\/\/prizrenpost.com\/al\/wp-json\/wp\/v2\/users\/1"}],"replies":[{"embeddable":true,"href":"https:\/\/prizrenpost.com\/al\/wp-json\/wp\/v2\/comments?post=106462"}],"version-history":[{"count":0,"href":"https:\/\/prizrenpost.com\/al\/wp-json\/wp\/v2\/posts\/106462\/revisions"}],"wp:featuredmedia":[{"embeddable":true,"href":"https:\/\/prizrenpost.com\/al\/wp-json\/wp\/v2\/media\/106461"}],"wp:attachment":[{"href":"https:\/\/prizrenpost.com\/al\/wp-json\/wp\/v2\/media?parent=106462"}],"wp:term":[{"taxonomy":"category","embeddable":true,"href":"https:\/\/prizrenpost.com\/al\/wp-json\/wp\/v2\/categories?post=106462"},{"taxonomy":"post_tag","embeddable":true,"href":"https:\/\/prizrenpost.com\/al\/wp-json\/wp\/v2\/tags?post=106462"}],"curies":[{"name":"wp","href":"https:\/\/api.w.org\/{rel}","templated":true}]}}