{"id":106525,"date":"2026-04-15T08:35:12","date_gmt":"2026-04-15T05:35:12","guid":{"rendered":"https:\/\/prizrenpost.com\/al\/shefat-e-diplomacise-turke-dhe-pakistaneze-diskutojne-bisedimet-mes-shba-se-dhe-iranit\/"},"modified":"2026-04-15T08:35:12","modified_gmt":"2026-04-15T05:35:12","slug":"shefat-e-diplomacise-turke-dhe-pakistaneze-diskutojne-bisedimet-mes-shba-se-dhe-iranit","status":"publish","type":"post","link":"https:\/\/prizrenpost.com\/al\/shefat-e-diplomacise-turke-dhe-pakistaneze-diskutojne-bisedimet-mes-shba-se-dhe-iranit\/","title":{"rendered":"Shefat e diplomacis\u00eb turke dhe pakistaneze diskutojn\u00eb bisedimet mes ShBA-s\u00eb dhe Iranit"},"content":{"rendered":"<figure class=\"post-featured-image\"><img decoding=\"async\" src=\"https:\/\/prizrenpost.com\/al\/wp-content\/uploads\/2026\/04\/56f68a66a5d98fc6b289a36054558bfbd263e140914c7fb81f76b22d3787b21d.jpg\" alt=\"Shefat e diplomacis\u00eb turke dhe pakistaneze diskutojn\u00eb bisedimet mes ShBA-s\u00eb dhe Iranit\"\/><\/figure>\n<p>Ministri turk i Pun\u00ebve t\u00eb Jashtme, Hakan Fidan dhe homologu i tij pakistanez, Ishaq Dar, kan\u00eb diskutuar bisedimet mes ShBA-s\u00eb dhe Iranit.<\/p>\n<p>Sipas burimeve diplomatike turke, Fidan dhe Dar gjat\u00eb nj\u00eb telefonate gjithashtu kan\u00eb diskutuar hapat q\u00eb duhet t\u00eb nd\u00ebrmerren n\u00eb dit\u00ebt n\u00eb vijim.<\/p>\n<p>Sipas autoriteteve iraniane, m\u00eb shum\u00eb se 3.300 persona jan\u00eb vrar\u00eb n\u00eb sulmet ajrore t\u00eb ShBA-s\u00eb dhe Izraelit n\u00eb Iran q\u00eb nga 28 shkurti.<\/p>\n<p>Teherani \u00ebsht\u00eb kund\u00ebrp\u00ebrgjigjur me sulme me raketa dhe dron\u00eb ndaj Izraelit, Irakut, Jordanis\u00eb dhe vendeve t\u00eb Gjirit q\u00eb strehojn\u00eb baza ushtarake amerikane, p\u00ebrpara se t\u00eb shpallej nj\u00eb arm\u00ebpushim dyjavor jav\u00ebn e kaluar.<\/p>\n<p>T\u00eb shtun\u00ebn, ShBA-ja dhe Irani zhvilluan bisedime t\u00eb rralla t\u00eb drejtp\u00ebrdrejta n\u00eb Islamabad t\u00eb Pakistanit, me synimin p\u00ebr t\u2019i dh\u00ebn\u00eb fund konfliktit, por negociatat p\u00ebrfunduan pa marr\u00ebveshje.<\/p>\n<p>Kryeministri i Pakistanit, Shehbaz Sharif, pritet t\u00eb vizitoj\u00eb Arabin\u00eb Saudite dhe Turqin\u00eb p\u00ebrpara nj\u00eb raundi t\u00eb mundsh\u00ebm t\u00eb dyt\u00eb bisedimesh n\u00eb Islamabad p\u00ebr t\u2019i dh\u00ebn\u00eb fund luft\u00ebs ShBA-Izrael, n\u00eb kuad\u00ebr t\u00eb arm\u00ebpushimit t\u00eb brisht\u00eb dyjavor.<\/p>\n<p>Sipas dy burimeve qeveritare pakistaneze t\u00eb njohura me nd\u00ebrmjet\u00ebsimin, nj\u00eb raund i dyt\u00eb bisedimesh pritet t\u00eb mbahet s\u00eb shpejti n\u00eb Islamabad me ftes\u00eb t\u00eb Pakistanit.<\/p>\n<hr style=\"margin:30px 0\"\/>\n<p style=\"font-size:13px;color:#666\">Burimi: <strong>mesazhi<\/strong><\/p>\n","protected":false},"excerpt":{"rendered":"<p>Ministri turk i Pun\u00ebve t\u00eb Jashtme, Hakan Fidan dhe homologu i tij pakistanez, Ishaq Dar, kan\u00eb diskutuar bisedimet mes ShBA-s\u00eb dhe Iranit. Sipas burimeve diplomatike turke, Fidan dhe Dar gjat\u00eb nj\u00eb telefonate gjithashtu kan\u00eb diskutuar hapat q\u00eb duhet t\u00eb nd\u00ebrmerren n\u00eb dit\u00ebt n\u00eb vijim. Sipas autoriteteve iraniane, m\u00eb shum\u00eb se 3.300 persona jan\u00eb vrar\u00eb n\u00eb [&hellip;]<\/p>\n","protected":false},"author":1,"featured_media":106524,"comment_status":"open","ping_status":"open","sticky":false,"template":"","format":"standard","meta":{"footnotes":""},"categories":[24],"tags":[3803],"class_list":["post-106525","post","type-post","status-publish","format-standard","has-post-thumbnail","hentry","category-bote","tag-aktuale"],"_links":{"self":[{"href":"https:\/\/prizrenpost.com\/al\/wp-json\/wp\/v2\/posts\/106525","targetHints":{"allow":["GET"]}}],"collection":[{"href":"https:\/\/prizrenpost.com\/al\/wp-json\/wp\/v2\/posts"}],"about":[{"href":"https:\/\/prizrenpost.com\/al\/wp-json\/wp\/v2\/types\/post"}],"author":[{"embeddable":true,"href":"https:\/\/prizrenpost.com\/al\/wp-json\/wp\/v2\/users\/1"}],"replies":[{"embeddable":true,"href":"https:\/\/prizrenpost.com\/al\/wp-json\/wp\/v2\/comments?post=106525"}],"version-history":[{"count":0,"href":"https:\/\/prizrenpost.com\/al\/wp-json\/wp\/v2\/posts\/106525\/revisions"}],"wp:featuredmedia":[{"embeddable":true,"href":"https:\/\/prizrenpost.com\/al\/wp-json\/wp\/v2\/media\/106524"}],"wp:attachment":[{"href":"https:\/\/prizrenpost.com\/al\/wp-json\/wp\/v2\/media?parent=106525"}],"wp:term":[{"taxonomy":"category","embeddable":true,"href":"https:\/\/prizrenpost.com\/al\/wp-json\/wp\/v2\/categories?post=106525"},{"taxonomy":"post_tag","embeddable":true,"href":"https:\/\/prizrenpost.com\/al\/wp-json\/wp\/v2\/tags?post=106525"}],"curies":[{"name":"wp","href":"https:\/\/api.w.org\/{rel}","templated":true}]}}