{"id":106536,"date":"2026-04-15T09:55:07","date_gmt":"2026-04-15T06:55:07","guid":{"rendered":"https:\/\/prizrenpost.com\/al\/sulmet-izraelite-ne-gaza-vrasin-11-persona-mes-tyre-dy-femije\/"},"modified":"2026-04-15T09:55:07","modified_gmt":"2026-04-15T06:55:07","slug":"sulmet-izraelite-ne-gaza-vrasin-11-persona-mes-tyre-dy-femije","status":"publish","type":"post","link":"https:\/\/prizrenpost.com\/al\/sulmet-izraelite-ne-gaza-vrasin-11-persona-mes-tyre-dy-femije\/","title":{"rendered":"Sulmet izraelite n\u00eb Gaza vrasin 11 persona, mes tyre dy f\u00ebmij\u00eb"},"content":{"rendered":"<figure class=\"post-featured-image\"><img decoding=\"async\" src=\"https:\/\/prizrenpost.com\/al\/wp-content\/uploads\/2026\/04\/1000135950.jpg-47d59e3e-783c-4fbb-8ad0-9b3076f37845.jpg\" alt=\"Sulmet izraelite n\u00eb Gaza vrasin 11 persona, mes tyre dy f\u00ebmij\u00eb\"\/><\/figure>\n<p>T\u00eb pakt\u00ebn 11 palestinez\u00eb, p\u00ebrfshir\u00eb dy f\u00ebmij\u00eb, jan\u00eb vrar\u00eb nga sulmet izraelite n\u00eb Rripin e Gaz\u00ebs gjat\u00eb nj\u00eb dite t\u00eb fundit bombardimesh.<\/p>\n<p>Sipas autoriteteve t\u00eb Mbrojtjes Civile n\u00eb Gaza dhe agjencis\u00eb s\u00eb lajmeve Reuters, nj\u00eb f\u00ebmij\u00eb trevje\u00e7ar dhe nj\u00eb tjet\u00ebr 14-vje\u00e7ar jan\u00eb n\u00eb mesin e viktimave nga sulmet q\u00eb godit\u00ebn pjes\u00ebn veriore t\u00eb territorit t\u00eb mart\u00ebn.<\/p>\n<p>Ngjarja konsiderohet si shkelje e arm\u00ebpushimit t\u00eb shpallur m\u00eb 10 tetor t\u00eb vitit t\u00eb kaluar mes Izraelit dhe Hamasit, nd\u00ebrsa dhuna n\u00eb zon\u00eb vazhdon t\u00eb shkaktoj\u00eb viktima civile. \/mesazhi<\/p>\n<hr style=\"margin:30px 0\"\/>\n<p style=\"font-size:13px;color:#666\">Burimi: <strong>mesazhi<\/strong><\/p>\n","protected":false},"excerpt":{"rendered":"<p>T\u00eb pakt\u00ebn 11 palestinez\u00eb, p\u00ebrfshir\u00eb dy f\u00ebmij\u00eb, jan\u00eb vrar\u00eb nga sulmet izraelite n\u00eb Rripin e Gaz\u00ebs gjat\u00eb nj\u00eb dite t\u00eb fundit bombardimesh. Sipas autoriteteve t\u00eb Mbrojtjes Civile n\u00eb Gaza dhe agjencis\u00eb s\u00eb lajmeve Reuters, nj\u00eb f\u00ebmij\u00eb trevje\u00e7ar dhe nj\u00eb tjet\u00ebr 14-vje\u00e7ar jan\u00eb n\u00eb mesin e viktimave nga sulmet q\u00eb godit\u00ebn pjes\u00ebn veriore t\u00eb territorit t\u00eb [&hellip;]<\/p>\n","protected":false},"author":1,"featured_media":106535,"comment_status":"open","ping_status":"open","sticky":false,"template":"","format":"standard","meta":{"footnotes":""},"categories":[24],"tags":[3803],"class_list":["post-106536","post","type-post","status-publish","format-standard","has-post-thumbnail","hentry","category-bote","tag-aktuale"],"_links":{"self":[{"href":"https:\/\/prizrenpost.com\/al\/wp-json\/wp\/v2\/posts\/106536","targetHints":{"allow":["GET"]}}],"collection":[{"href":"https:\/\/prizrenpost.com\/al\/wp-json\/wp\/v2\/posts"}],"about":[{"href":"https:\/\/prizrenpost.com\/al\/wp-json\/wp\/v2\/types\/post"}],"author":[{"embeddable":true,"href":"https:\/\/prizrenpost.com\/al\/wp-json\/wp\/v2\/users\/1"}],"replies":[{"embeddable":true,"href":"https:\/\/prizrenpost.com\/al\/wp-json\/wp\/v2\/comments?post=106536"}],"version-history":[{"count":0,"href":"https:\/\/prizrenpost.com\/al\/wp-json\/wp\/v2\/posts\/106536\/revisions"}],"wp:featuredmedia":[{"embeddable":true,"href":"https:\/\/prizrenpost.com\/al\/wp-json\/wp\/v2\/media\/106535"}],"wp:attachment":[{"href":"https:\/\/prizrenpost.com\/al\/wp-json\/wp\/v2\/media?parent=106536"}],"wp:term":[{"taxonomy":"category","embeddable":true,"href":"https:\/\/prizrenpost.com\/al\/wp-json\/wp\/v2\/categories?post=106536"},{"taxonomy":"post_tag","embeddable":true,"href":"https:\/\/prizrenpost.com\/al\/wp-json\/wp\/v2\/tags?post=106536"}],"curies":[{"name":"wp","href":"https:\/\/api.w.org\/{rel}","templated":true}]}}