{"id":106538,"date":"2026-04-15T10:25:09","date_gmt":"2026-04-15T07:25:09","guid":{"rendered":"https:\/\/prizrenpost.com\/al\/rreth-250-persona-te-zhdukur-pas-fundosjes-se-nje-anijeje-me-rohingya-ne-detin-andaman\/"},"modified":"2026-04-15T10:25:09","modified_gmt":"2026-04-15T07:25:09","slug":"rreth-250-persona-te-zhdukur-pas-fundosjes-se-nje-anijeje-me-rohingya-ne-detin-andaman","status":"publish","type":"post","link":"https:\/\/prizrenpost.com\/al\/rreth-250-persona-te-zhdukur-pas-fundosjes-se-nje-anijeje-me-rohingya-ne-detin-andaman\/","title":{"rendered":"Rreth 250 persona t\u00eb zhdukur pas fundosjes s\u00eb nj\u00eb anijeje me Rohingya n\u00eb Detin Andaman"},"content":{"rendered":"<figure class=\"post-featured-image\"><img decoding=\"async\" src=\"https:\/\/prizrenpost.com\/al\/wp-content\/uploads\/2026\/04\/2024-03-21T061331Z_2124869948_RC26Q6A6H8OM_RTRMADP_3_MIGRATION-ROHINGYA-INDONESIA-1711075543.jpg\" alt=\"Rreth 250 persona t\u00eb zhdukur pas fundosjes s\u00eb nj\u00eb anijeje me Rohingya n\u00eb Detin Andaman\"\/><\/figure>\n<p>Rreth 250 refugjat\u00eb Rohingya dhe shtetas nga Bangladeshi rezultojn\u00eb t\u00eb zhdukur pasi nj\u00eb anije u p\u00ebrmbys n\u00eb Detin Andaman, sipas njoftimit t\u00eb Kombeve t\u00eb Bashkuara.<\/p>\n<p>Anija, e mbushur me burra, gra dhe f\u00ebmij\u00eb, dyshohet se u fundos p\u00ebr shkak t\u00eb er\u00ebrave t\u00eb forta, detit t\u00eb trazuar dhe mbingarkes\u00ebs, b\u00ebri t\u00eb ditur Agjencia e OKB-s\u00eb p\u00ebr Refugjat\u00ebt (UNHCR) n\u00eb nj\u00eb deklarat\u00eb t\u00eb publikuar t\u00eb mart\u00ebn.<\/p>\n<p>Autoritetet nd\u00ebrkomb\u00ebtare shprehin shqet\u00ebsim t\u00eb madh p\u00ebr fatin e personave n\u00eb bord, nd\u00ebrsa operacionet e k\u00ebrkim-shp\u00ebtimit jan\u00eb t\u00eb v\u00ebshtir\u00ebsuara nga kushtet e k\u00ebqija t\u00eb motit. \/mesazhi<\/p>\n<hr style=\"margin:30px 0\"\/>\n<p style=\"font-size:13px;color:#666\">Burimi: <strong>mesazhi<\/strong><\/p>\n","protected":false},"excerpt":{"rendered":"<p>Rreth 250 refugjat\u00eb Rohingya dhe shtetas nga Bangladeshi rezultojn\u00eb t\u00eb zhdukur pasi nj\u00eb anije u p\u00ebrmbys n\u00eb Detin Andaman, sipas njoftimit t\u00eb Kombeve t\u00eb Bashkuara. Anija, e mbushur me burra, gra dhe f\u00ebmij\u00eb, dyshohet se u fundos p\u00ebr shkak t\u00eb er\u00ebrave t\u00eb forta, detit t\u00eb trazuar dhe mbingarkes\u00ebs, b\u00ebri t\u00eb ditur Agjencia e OKB-s\u00eb p\u00ebr [&hellip;]<\/p>\n","protected":false},"author":1,"featured_media":106537,"comment_status":"open","ping_status":"open","sticky":false,"template":"","format":"standard","meta":{"footnotes":""},"categories":[24],"tags":[3803],"class_list":["post-106538","post","type-post","status-publish","format-standard","has-post-thumbnail","hentry","category-bote","tag-aktuale"],"_links":{"self":[{"href":"https:\/\/prizrenpost.com\/al\/wp-json\/wp\/v2\/posts\/106538","targetHints":{"allow":["GET"]}}],"collection":[{"href":"https:\/\/prizrenpost.com\/al\/wp-json\/wp\/v2\/posts"}],"about":[{"href":"https:\/\/prizrenpost.com\/al\/wp-json\/wp\/v2\/types\/post"}],"author":[{"embeddable":true,"href":"https:\/\/prizrenpost.com\/al\/wp-json\/wp\/v2\/users\/1"}],"replies":[{"embeddable":true,"href":"https:\/\/prizrenpost.com\/al\/wp-json\/wp\/v2\/comments?post=106538"}],"version-history":[{"count":0,"href":"https:\/\/prizrenpost.com\/al\/wp-json\/wp\/v2\/posts\/106538\/revisions"}],"wp:featuredmedia":[{"embeddable":true,"href":"https:\/\/prizrenpost.com\/al\/wp-json\/wp\/v2\/media\/106537"}],"wp:attachment":[{"href":"https:\/\/prizrenpost.com\/al\/wp-json\/wp\/v2\/media?parent=106538"}],"wp:term":[{"taxonomy":"category","embeddable":true,"href":"https:\/\/prizrenpost.com\/al\/wp-json\/wp\/v2\/categories?post=106538"},{"taxonomy":"post_tag","embeddable":true,"href":"https:\/\/prizrenpost.com\/al\/wp-json\/wp\/v2\/tags?post=106538"}],"curies":[{"name":"wp","href":"https:\/\/api.w.org\/{rel}","templated":true}]}}