{"id":106540,"date":"2026-04-15T10:55:09","date_gmt":"2026-04-15T07:55:09","guid":{"rendered":"https:\/\/prizrenpost.com\/al\/kryeministri-i-pakistanit-drejt-riadit-dhe-ankarase-ne-perpjekje-per-bisedime-shba-iran\/"},"modified":"2026-04-15T10:55:09","modified_gmt":"2026-04-15T07:55:09","slug":"kryeministri-i-pakistanit-drejt-riadit-dhe-ankarase-ne-perpjekje-per-bisedime-shba-iran","status":"publish","type":"post","link":"https:\/\/prizrenpost.com\/al\/kryeministri-i-pakistanit-drejt-riadit-dhe-ankarase-ne-perpjekje-per-bisedime-shba-iran\/","title":{"rendered":"Kryeministri i Pakistanit drejt Riadit dhe Ankaras\u00eb n\u00eb p\u00ebrpjekje p\u00ebr bisedime SHBA-Iran"},"content":{"rendered":"<figure class=\"post-featured-image\"><img decoding=\"async\" src=\"https:\/\/prizrenpost.com\/al\/wp-content\/uploads\/2026\/04\/2026-04-14T015641Z_908475898_RC23NKA7GH8D_RTRMADP_3_IRAN-CRISIS-DIPLOMACY-1-1776187663.jpg\" alt=\"Kryeministri i Pakistanit drejt Riadit dhe Ankaras\u00eb n\u00eb p\u00ebrpjekje p\u00ebr bisedime SHBA-Iran\"\/><\/figure>\n<p>Kryeministri i Pakistanit, Shehbaz Sharif, ka njoftuar se do t\u00eb vizitoj\u00eb Riadin dhe Ankaran\u00eb k\u00ebt\u00eb jav\u00eb, n\u00eb kuad\u00ebr t\u00eb p\u00ebrpjekjeve p\u00ebr t\u00eb nd\u00ebrmjet\u00ebsuar nj\u00eb raund t\u00eb dyt\u00eb bisedimesh mes SHBA-s\u00eb dhe Iranit.<\/p>\n<p>Sipas deklaratave zyrtare, Sharif synon t\u00eb koordinohet me partner\u00ebt rajonal\u00eb p\u00ebr t\u00eb nxitur vazhdimin e negociatave, nd\u00ebrsa situata duket se po merr vrull pas sinjaleve p\u00ebr rifillim t\u00eb dialogut.<\/p>\n<p>Presidenti i Pakistanit, Asif Ali Zardari, b\u00ebri t\u00eb ditur se \u00ebsht\u00eb informuar mbi k\u00ebto p\u00ebrpjekje diplomatike dhe mb\u00ebshtet iniciativ\u00ebn p\u00ebr t\u00eb siguruar bisedime t\u00eb m\u00ebtejshme.<\/p>\n<p>Zhvillimet vijn\u00eb n\u00eb nj\u00eb koh\u00eb kur nj\u00eb arm\u00ebpushim dyjavor ka ndalur sulmet e SHBA-s\u00eb dhe Izraelit ndaj Iranit, duke krijuar hap\u00ebsir\u00eb p\u00ebr p\u00ebrpjekje diplomatike.<\/p>\n<p>Nd\u00ebrkoh\u00eb, presidenti amerikan Donald Trump ka deklaruar se bisedimet mund t\u00eb rifillojn\u00eb n\u00eb Pakistan brenda dy dit\u00ebve t\u00eb ardhshme. \/mesazhi<\/p>\n<hr style=\"margin:30px 0\"\/>\n<p style=\"font-size:13px;color:#666\">Burimi: <strong>mesazhi<\/strong><\/p>\n","protected":false},"excerpt":{"rendered":"<p>Kryeministri i Pakistanit, Shehbaz Sharif, ka njoftuar se do t\u00eb vizitoj\u00eb Riadin dhe Ankaran\u00eb k\u00ebt\u00eb jav\u00eb, n\u00eb kuad\u00ebr t\u00eb p\u00ebrpjekjeve p\u00ebr t\u00eb nd\u00ebrmjet\u00ebsuar nj\u00eb raund t\u00eb dyt\u00eb bisedimesh mes SHBA-s\u00eb dhe Iranit. Sipas deklaratave zyrtare, Sharif synon t\u00eb koordinohet me partner\u00ebt rajonal\u00eb p\u00ebr t\u00eb nxitur vazhdimin e negociatave, nd\u00ebrsa situata duket se po merr vrull [&hellip;]<\/p>\n","protected":false},"author":1,"featured_media":106539,"comment_status":"open","ping_status":"open","sticky":false,"template":"","format":"standard","meta":{"footnotes":""},"categories":[24],"tags":[3803],"class_list":["post-106540","post","type-post","status-publish","format-standard","has-post-thumbnail","hentry","category-bote","tag-aktuale"],"_links":{"self":[{"href":"https:\/\/prizrenpost.com\/al\/wp-json\/wp\/v2\/posts\/106540","targetHints":{"allow":["GET"]}}],"collection":[{"href":"https:\/\/prizrenpost.com\/al\/wp-json\/wp\/v2\/posts"}],"about":[{"href":"https:\/\/prizrenpost.com\/al\/wp-json\/wp\/v2\/types\/post"}],"author":[{"embeddable":true,"href":"https:\/\/prizrenpost.com\/al\/wp-json\/wp\/v2\/users\/1"}],"replies":[{"embeddable":true,"href":"https:\/\/prizrenpost.com\/al\/wp-json\/wp\/v2\/comments?post=106540"}],"version-history":[{"count":0,"href":"https:\/\/prizrenpost.com\/al\/wp-json\/wp\/v2\/posts\/106540\/revisions"}],"wp:featuredmedia":[{"embeddable":true,"href":"https:\/\/prizrenpost.com\/al\/wp-json\/wp\/v2\/media\/106539"}],"wp:attachment":[{"href":"https:\/\/prizrenpost.com\/al\/wp-json\/wp\/v2\/media?parent=106540"}],"wp:term":[{"taxonomy":"category","embeddable":true,"href":"https:\/\/prizrenpost.com\/al\/wp-json\/wp\/v2\/categories?post=106540"},{"taxonomy":"post_tag","embeddable":true,"href":"https:\/\/prizrenpost.com\/al\/wp-json\/wp\/v2\/tags?post=106540"}],"curies":[{"name":"wp","href":"https:\/\/api.w.org\/{rel}","templated":true}]}}