{"id":106546,"date":"2026-04-15T11:00:23","date_gmt":"2026-04-15T08:00:23","guid":{"rendered":"https:\/\/prizrenpost.com\/al\/seanca-per-banjsken-te-akuzuarit-mberrin-ne-gjykate\/"},"modified":"2026-04-15T11:00:23","modified_gmt":"2026-04-15T08:00:23","slug":"seanca-per-banjsken-te-akuzuarit-mberrin-ne-gjykate","status":"publish","type":"post","link":"https:\/\/prizrenpost.com\/al\/seanca-per-banjsken-te-akuzuarit-mberrin-ne-gjykate\/","title":{"rendered":"Seanca p\u00ebr Banjsk\u00ebn: T\u00eb akuzuarit mb\u00ebrrin n\u00eb gjykat\u00eb"},"content":{"rendered":"<figure class=\"post-featured-image\"><img decoding=\"async\" src=\"https:\/\/prizrenpost.com\/al\/wp-content\/uploads\/2026\/04\/Banjska-gjyqi.jpg\" alt=\"Seanca p\u00ebr Banjsk\u00ebn: T\u00eb akuzuarit mb\u00ebrrin n\u00eb gjykat\u00eb\"\/><\/figure>\n<p>Sot do t\u00eb mbahet seanca e radh\u00ebs n\u00eb rastin Banjsk\u00ebs.<\/p>\n<p>Tashm\u00eb t\u00eb akuzuarit, Blagoje Spasojeviq, Vladimir Toliq dhe Dushan Maksimoviq, n\u00ebn masa t\u00eb shtuara t\u00eb siguris\u00eb kan\u00eb mb\u00ebrritur n\u00eb gjykat\u00eb.<\/p>\n<p>Procesi po p\u00ebrcillet edhe nga Klan Kosova.<\/p>\n<p>N\u00eb sulmin e Banjsk\u00ebs q\u00eb ndodhi m\u00eb 24 shtator 2023, u vra rreshteri policor, &#8220;Heroi i Kosov\u00ebs&#8221; Afrim Bunjaku.<\/p>\n<hr style=\"margin:30px 0\"\/>\n<p style=\"font-size:13px;color:#666\">Burimi: <strong>klankosova<\/strong><\/p>\n","protected":false},"excerpt":{"rendered":"<p>Sot do t\u00eb mbahet seanca e radh\u00ebs n\u00eb rastin Banjsk\u00ebs. Tashm\u00eb t\u00eb akuzuarit, Blagoje Spasojeviq, Vladimir Toliq dhe Dushan Maksimoviq, n\u00ebn masa t\u00eb shtuara t\u00eb siguris\u00eb kan\u00eb mb\u00ebrritur n\u00eb gjykat\u00eb. Procesi po p\u00ebrcillet edhe nga Klan Kosova. N\u00eb sulmin e Banjsk\u00ebs q\u00eb ndodhi m\u00eb 24 shtator 2023, u vra rreshteri policor, &#8220;Heroi i Kosov\u00ebs&#8221; Afrim [&hellip;]<\/p>\n","protected":false},"author":1,"featured_media":106545,"comment_status":"open","ping_status":"open","sticky":false,"template":"","format":"standard","meta":{"footnotes":""},"categories":[17],"tags":[],"class_list":["post-106546","post","type-post","status-publish","format-standard","has-post-thumbnail","hentry","category-kronike"],"_links":{"self":[{"href":"https:\/\/prizrenpost.com\/al\/wp-json\/wp\/v2\/posts\/106546","targetHints":{"allow":["GET"]}}],"collection":[{"href":"https:\/\/prizrenpost.com\/al\/wp-json\/wp\/v2\/posts"}],"about":[{"href":"https:\/\/prizrenpost.com\/al\/wp-json\/wp\/v2\/types\/post"}],"author":[{"embeddable":true,"href":"https:\/\/prizrenpost.com\/al\/wp-json\/wp\/v2\/users\/1"}],"replies":[{"embeddable":true,"href":"https:\/\/prizrenpost.com\/al\/wp-json\/wp\/v2\/comments?post=106546"}],"version-history":[{"count":0,"href":"https:\/\/prizrenpost.com\/al\/wp-json\/wp\/v2\/posts\/106546\/revisions"}],"wp:featuredmedia":[{"embeddable":true,"href":"https:\/\/prizrenpost.com\/al\/wp-json\/wp\/v2\/media\/106545"}],"wp:attachment":[{"href":"https:\/\/prizrenpost.com\/al\/wp-json\/wp\/v2\/media?parent=106546"}],"wp:term":[{"taxonomy":"category","embeddable":true,"href":"https:\/\/prizrenpost.com\/al\/wp-json\/wp\/v2\/categories?post=106546"},{"taxonomy":"post_tag","embeddable":true,"href":"https:\/\/prizrenpost.com\/al\/wp-json\/wp\/v2\/tags?post=106546"}],"curies":[{"name":"wp","href":"https:\/\/api.w.org\/{rel}","templated":true}]}}