{"id":106548,"date":"2026-04-15T11:20:23","date_gmt":"2026-04-15T08:20:23","guid":{"rendered":"https:\/\/prizrenpost.com\/al\/rasti-i-banjskes-prokurori-abazi-nuk-ishte-i-izoluar-kishte-qellim-terrorist\/"},"modified":"2026-04-15T11:20:23","modified_gmt":"2026-04-15T08:20:23","slug":"rasti-i-banjskes-prokurori-abazi-nuk-ishte-i-izoluar-kishte-qellim-terrorist","status":"publish","type":"post","link":"https:\/\/prizrenpost.com\/al\/rasti-i-banjskes-prokurori-abazi-nuk-ishte-i-izoluar-kishte-qellim-terrorist\/","title":{"rendered":"Rasti i Banjsk\u00ebs, prokurori Abazi: Nuk ishte i izoluar, kishte q\u00ebllim terrorist"},"content":{"rendered":"<figure class=\"post-featured-image\"><img decoding=\"async\" src=\"https:\/\/prizrenpost.com\/al\/wp-content\/uploads\/2026\/04\/Banjska-sulmi.jpg\" alt=\"Rasti i Banjsk\u00ebs, prokurori Abazi: Nuk ishte i izoluar, kishte q\u00ebllim terrorist\"\/><\/figure>\n<p>Prokurori Naim Abazi, ka dh\u00ebn\u00eb sot fjal\u00ebn p\u00ebrfundimtare n\u00eb procesin gjyq\u00ebsor ndaj tre t\u00eb akuzuarve n\u00eb rastin Banjska, Blagoje Spasojeviq, Vladimir Toliq dhe Dushan Maksimoviq.<\/p>\n<p>Abazi tha se rasti n\u00eb fjal\u00eb nuk \u00ebsht\u00eb i izoluar, por \u00ebsht\u00eb nj\u00eb organizim i mir\u00ebfillt kriminal.<\/p>\n<p>&#8220;Me q\u00ebllim terrorist dhe me synim t\u00eb c\u00ebnimit t\u00eb rendit kushtetues dhe siguris\u00eb s\u00eb Republik\u00ebs s\u00eb Kosov\u00ebs&#8221;, deklaroi Abazi gjat\u00eb seanc\u00ebs.<\/p>\n<p>Ai shtoi se organizimet e k\u00ebtij grupi kriminal datojn\u00eb edhe m\u00eb her\u00ebt se data 24 shtator 2023.<\/p>\n<p>Prokurori, fjal\u00ebn p\u00ebrfundimtare e shoq\u00ebroi edhe me video t\u00eb grupit kriminal ku n\u00eb mesin e tyre shihet edhe kryeterroristi serb, Millan Radoi\u00e7iq.<\/p>\n<hr style=\"margin:30px 0\"\/>\n<p style=\"font-size:13px;color:#666\">Burimi: <strong>klankosova<\/strong><\/p>\n","protected":false},"excerpt":{"rendered":"<p>Prokurori Naim Abazi, ka dh\u00ebn\u00eb sot fjal\u00ebn p\u00ebrfundimtare n\u00eb procesin gjyq\u00ebsor ndaj tre t\u00eb akuzuarve n\u00eb rastin Banjska, Blagoje Spasojeviq, Vladimir Toliq dhe Dushan Maksimoviq. Abazi tha se rasti n\u00eb fjal\u00eb nuk \u00ebsht\u00eb i izoluar, por \u00ebsht\u00eb nj\u00eb organizim i mir\u00ebfillt kriminal. &#8220;Me q\u00ebllim terrorist dhe me synim t\u00eb c\u00ebnimit t\u00eb rendit kushtetues dhe siguris\u00eb [&hellip;]<\/p>\n","protected":false},"author":1,"featured_media":106547,"comment_status":"open","ping_status":"open","sticky":false,"template":"","format":"standard","meta":{"footnotes":""},"categories":[17],"tags":[],"class_list":["post-106548","post","type-post","status-publish","format-standard","has-post-thumbnail","hentry","category-kronike"],"_links":{"self":[{"href":"https:\/\/prizrenpost.com\/al\/wp-json\/wp\/v2\/posts\/106548","targetHints":{"allow":["GET"]}}],"collection":[{"href":"https:\/\/prizrenpost.com\/al\/wp-json\/wp\/v2\/posts"}],"about":[{"href":"https:\/\/prizrenpost.com\/al\/wp-json\/wp\/v2\/types\/post"}],"author":[{"embeddable":true,"href":"https:\/\/prizrenpost.com\/al\/wp-json\/wp\/v2\/users\/1"}],"replies":[{"embeddable":true,"href":"https:\/\/prizrenpost.com\/al\/wp-json\/wp\/v2\/comments?post=106548"}],"version-history":[{"count":0,"href":"https:\/\/prizrenpost.com\/al\/wp-json\/wp\/v2\/posts\/106548\/revisions"}],"wp:featuredmedia":[{"embeddable":true,"href":"https:\/\/prizrenpost.com\/al\/wp-json\/wp\/v2\/media\/106547"}],"wp:attachment":[{"href":"https:\/\/prizrenpost.com\/al\/wp-json\/wp\/v2\/media?parent=106548"}],"wp:term":[{"taxonomy":"category","embeddable":true,"href":"https:\/\/prizrenpost.com\/al\/wp-json\/wp\/v2\/categories?post=106548"},{"taxonomy":"post_tag","embeddable":true,"href":"https:\/\/prizrenpost.com\/al\/wp-json\/wp\/v2\/tags?post=106548"}],"curies":[{"name":"wp","href":"https:\/\/api.w.org\/{rel}","templated":true}]}}