{"id":106559,"date":"2026-04-15T12:40:16","date_gmt":"2026-04-15T09:40:16","guid":{"rendered":"https:\/\/prizrenpost.com\/al\/rasti-capat-sekiraqet-seanca-fillestare-mbahet-te-henen\/"},"modified":"2026-04-15T12:40:16","modified_gmt":"2026-04-15T09:40:16","slug":"rasti-capat-sekiraqet-seanca-fillestare-mbahet-te-henen","status":"publish","type":"post","link":"https:\/\/prizrenpost.com\/al\/rasti-capat-sekiraqet-seanca-fillestare-mbahet-te-henen\/","title":{"rendered":"Rasti Capat-Sekiraq\u00ebt, seanca fillestare mbahet t\u00eb h\u00ebn\u00ebn"},"content":{"rendered":"<figure class=\"post-featured-image\"><img decoding=\"async\" src=\"https:\/\/prizrenpost.com\/al\/wp-content\/uploads\/2026\/04\/Capat-Sekiraqet.jpg\" alt=\"Rasti Capat-Sekiraq\u00ebt, seanca fillestare mbahet t\u00eb h\u00ebn\u00ebn\"\/><\/figure>\n<p>T\u00eb h\u00ebn\u00ebn e ardhshme do t\u00eb mbahet seanca fillestare n\u00eb rastin Capat-Sekiraq\u00ebt.<\/p>\n<p>Seanca pritet t\u00eb nis\u00eb me fillim nga ora 13:15.<\/p>\n<p>Lajmi u konfirmua p\u00ebr Klankosova.tv nga Mirlinda Gashi, z\u00ebdh\u00ebn\u00ebse e Gjykat\u00ebs Themelore n\u00eb Prishtin\u00eb.<\/p>\n<p>&#8220;Ju njoftojm\u00eb se seanca fillestare n\u00eb \u00e7\u00ebshtjen penale ndaj t\u00eb pandehurve K.G., V.A., R.LL., S.S., F.A., E.LL., D.M., E.M. dhe V.B. \u00ebsht\u00eb caktuar t\u00eb mbahet me dat\u00eb 20 prill 2026, n\u00eb ora 13:15&#8221;, deklaroi ajo p\u00ebr Klankosova.tv.<\/p>\n<div class=\"html-div xdj266r x14z9mp xat24cr x1lziwak xexx8yu xyri2b x18d9i69 x1c1uobl xeuugli x1vjfegm\">\n<div class=\"html-div xdj266r x14z9mp xat24cr x1lziwak xexx8yu xyri2b x18d9i69 x1c1uobl x1h91t0o xkh2ocl x78zum5 xdt5ytf x13a6bvl x193iq5w x1c4vz4f x1eb86dx\" role=\"presentation\">\n<div class=\"html-div xdj266r x14z9mp xat24cr x1lziwak xexx8yu xyri2b x18d9i69 x1c1uobl\">N\u00eb lidhje me k\u00ebt\u00eb ngjarje, ku mbeti i vrar\u00eb person, \u00ebsht\u00eb ngritur aktakuz\u00eb ndaj n\u00ebnt\u00eb personave.<\/div>\n<\/div>\n<\/div>\n<blockquote class=\"wp-embedded-content\" data-secret=\"WFr5PJJmFD\">\n<p><a href=\"https:\/\/klankosova.tv\/rasti-sekiraqa-capat-ngritet-aktakuze-ndaj-9-persona11ve\/\">Rasti Sekiraqa-Capat, ngritet aktakuz\u00eb ndaj n\u00ebnt\u00eb personave<\/a><\/p>\n<\/blockquote>\n<hr style=\"margin:30px 0\"\/>\n<p style=\"font-size:13px;color:#666\">Burimi: <strong>klankosova<\/strong><\/p>\n","protected":false},"excerpt":{"rendered":"<p>T\u00eb h\u00ebn\u00ebn e ardhshme do t\u00eb mbahet seanca fillestare n\u00eb rastin Capat-Sekiraq\u00ebt. Seanca pritet t\u00eb nis\u00eb me fillim nga ora 13:15. Lajmi u konfirmua p\u00ebr Klankosova.tv nga Mirlinda Gashi, z\u00ebdh\u00ebn\u00ebse e Gjykat\u00ebs Themelore n\u00eb Prishtin\u00eb. &#8220;Ju njoftojm\u00eb se seanca fillestare n\u00eb \u00e7\u00ebshtjen penale ndaj t\u00eb pandehurve K.G., V.A., R.LL., S.S., F.A., E.LL., D.M., E.M. dhe [&hellip;]<\/p>\n","protected":false},"author":1,"featured_media":106558,"comment_status":"open","ping_status":"open","sticky":false,"template":"","format":"standard","meta":{"footnotes":""},"categories":[17],"tags":[],"class_list":["post-106559","post","type-post","status-publish","format-standard","has-post-thumbnail","hentry","category-kronike"],"_links":{"self":[{"href":"https:\/\/prizrenpost.com\/al\/wp-json\/wp\/v2\/posts\/106559","targetHints":{"allow":["GET"]}}],"collection":[{"href":"https:\/\/prizrenpost.com\/al\/wp-json\/wp\/v2\/posts"}],"about":[{"href":"https:\/\/prizrenpost.com\/al\/wp-json\/wp\/v2\/types\/post"}],"author":[{"embeddable":true,"href":"https:\/\/prizrenpost.com\/al\/wp-json\/wp\/v2\/users\/1"}],"replies":[{"embeddable":true,"href":"https:\/\/prizrenpost.com\/al\/wp-json\/wp\/v2\/comments?post=106559"}],"version-history":[{"count":0,"href":"https:\/\/prizrenpost.com\/al\/wp-json\/wp\/v2\/posts\/106559\/revisions"}],"wp:featuredmedia":[{"embeddable":true,"href":"https:\/\/prizrenpost.com\/al\/wp-json\/wp\/v2\/media\/106558"}],"wp:attachment":[{"href":"https:\/\/prizrenpost.com\/al\/wp-json\/wp\/v2\/media?parent=106559"}],"wp:term":[{"taxonomy":"category","embeddable":true,"href":"https:\/\/prizrenpost.com\/al\/wp-json\/wp\/v2\/categories?post=106559"},{"taxonomy":"post_tag","embeddable":true,"href":"https:\/\/prizrenpost.com\/al\/wp-json\/wp\/v2\/tags?post=106559"}],"curies":[{"name":"wp","href":"https:\/\/api.w.org\/{rel}","templated":true}]}}