{"id":106561,"date":"2026-04-15T12:50:08","date_gmt":"2026-04-15T09:50:08","guid":{"rendered":"https:\/\/prizrenpost.com\/al\/rasti-ne-banjske-prokuroria-speciale-kerkon-denim-te-perjetshem-per-te-akuzuarit\/"},"modified":"2026-04-15T12:50:08","modified_gmt":"2026-04-15T09:50:08","slug":"rasti-ne-banjske-prokuroria-speciale-kerkon-denim-te-perjetshem-per-te-akuzuarit","status":"publish","type":"post","link":"https:\/\/prizrenpost.com\/al\/rasti-ne-banjske-prokuroria-speciale-kerkon-denim-te-perjetshem-per-te-akuzuarit\/","title":{"rendered":"\u200bRasti n\u00eb \u201cBanjsk\u00eb\u201d, Prokuroria Speciale k\u00ebrkon d\u00ebnim t\u00eb p\u00ebrjetsh\u00ebm p\u00ebr t\u00eb akuzuarit"},"content":{"rendered":"<figure class=\"post-featured-image\"><img decoding=\"async\" src=\"https:\/\/prizrenpost.com\/al\/wp-content\/uploads\/2026\/04\/banjska.jpg\" alt=\"\u200bRasti n\u00eb \u201cBanjsk\u00eb\u201d, Prokuroria Speciale k\u00ebrkon d\u00ebnim t\u00eb p\u00ebrjetsh\u00ebm p\u00ebr t\u00eb akuzuarit\"\/><\/figure>\n<p>Prokuroria Speciale e Kosov\u00ebs ka k\u00ebrkuar q\u00eb tre t\u00eb akuzuarit Blagoje Spasojeviq, Vladimir Toliq dhe Dushan Maksimoviq t\u00eb shpallen fajtor dhe t\u00eb d\u00ebnohen me burgim t\u00eb p\u00ebrjetsh\u00ebm.<\/p>\n<p>Prokurori i Prokuroris\u00eb Speciale, Naim Abazi, gjat\u00eb paraqitjes s\u00eb tij para trupit gjykues n\u00eb seanc\u00ebn gjyq\u00ebsore p\u00ebr sulmin n\u00eb Banjsk\u00eb ka deklaruar se ngjarjet e 24 shtatorit 2023 nuk kan\u00eb qen\u00eb t\u00eb izoluara, por pjes\u00eb e nj\u00eb plani t\u00eb mir\u00eborganizuar dhe t\u00eb parap\u00ebrgatitur.<\/p>\n<p>N\u00eb k\u00ebt\u00eb proces gjyq\u00ebsor, ku t\u00eb akuzuar jan\u00eb Blagoje Spasojeviq, Vladimir Toliq dhe Dushan Maksimoviq, Abazi theksoi se para sulmit kishte nj\u00eb s\u00ebr\u00eb veprimesh paraprake q\u00eb d\u00ebshmojn\u00eb p\u00ebr nj\u00eb organizim t\u00eb strukturuar kriminal me synime terroriste.<\/p>\n<p>Sulmi n\u00eb Banjsk\u00eb, prokurori Abazi: Ishte pjes\u00eb e nj\u00eb plani t\u00eb strukturuar terrorist<\/p>\n<p>Sipas tij, k\u00ebto veprime p\u00ebrfshijn\u00eb sulme ndaj Policis\u00eb s\u00eb Kosov\u00ebs, gazetar\u00ebve dhe institucioneve zgjedhore, vendosjen e barrikadave, p\u00ebrdorimin e mjeteve shp\u00ebrthyese, si dhe sulmin ndaj KFOR-it, ku mbet\u00ebn t\u00eb l\u00ebnduar mbi 90 ushtar\u00eb.<\/p>\n<p>Ndryshe, Prokuroria Speciale, m\u00eb 11 shtator 2024 ka ngritur aktakuz\u00eb kund\u00ebr Milan Radoi\u00e7iqit dhe 44 t\u00eb tjer\u00ebve, p\u00ebr sulmin terrorist t\u00eb 24 shtatorit 2023 n\u00eb Banjsk\u00eb t\u00eb Zve\u00e7anit.<\/p>\n<p>Aktakuza e Prokuroris\u00eb Speciale t\u00eb Kosov\u00ebs p\u00ebr sulmin e armatosur n\u00eb Banjk\u00eb i ngarkon shumic\u00ebn e tyre me terroriz\u00ebm dhe krime t\u00eb r\u00ebnda kund\u00ebr rendit kushtetues dhe siguris\u00eb s\u00eb Republik\u00ebs s\u00eb Kosov\u00ebs.<\/p>\n<p>Deri tani, t\u00eb arrestuar dhe n\u00ebn mas\u00ebn e paraburgimit p\u00ebr k\u00ebt\u00eb rast jan\u00eb: Blagoje Spasojeviq, Vladimir Toliq dhe Dushan Maksimoviq.<\/p>\n<p>Radoi\u00e7iq akuzohet, gjithashtu, p\u00ebr leht\u00ebsimin dhe financimin e kryerjes s\u00eb terrorizmit dhe pastrimit t\u00eb parave, nd\u00ebrsa i gjith\u00eb grupi akuzohet se me p\u00ebrdorim t\u00eb dhun\u00ebs dhe arm\u00ebve t\u00eb r\u00ebnda, ka tentuar t\u00eb ndaj\u00eb pjes\u00ebn veriore t\u00eb Kosov\u00ebs \u2013 ku gjenden komunat me shumic\u00eb serbe \u2013 dhe ta bashkoj\u00eb at\u00eb me Serbin\u00eb.<\/p>\n<p>Aktakuza e p\u00ebrshkruan Radoi\u00e7iqin si \u201cudh\u00ebheq\u00ebs t\u00eb grupit terrorist\u201d.<\/p>\n<p>N\u00eb aktakuz\u00eb thuhet se m\u00eb 24 shtator t\u00eb vitit 2023, pasi bllokoi rrug\u00ebn p\u00ebr n\u00eb ur\u00ebn e fshatit me dy kamion\u00eb, ai dhe pjes\u00ebmarr\u00ebsit e tjer\u00eb u fsheh\u00ebn dhe sulmuan oficer\u00ebt e Policis\u00eb s\u00eb Kosov\u00ebs q\u00eb shkuan p\u00ebr t\u2019i larguar kamion\u00ebt dhe p\u00ebr t\u00eb liruar rrug\u00ebn.<\/p>\n<p>N\u00eb sulm mbeti i vrar\u00eb polici Afrim Bunjaku, nd\u00ebrsa u plagos\u00ebn polic\u00ebt: Alban Rashiti, \u00c7lirim Shaqiri, Mirsad Kryeziu dhe Sedat Dushi.<\/p>\n<p>Sipas aktakuz\u00ebs, sulmi zgjati deri n\u00eb or\u00ebn 15:00, \u201ckur shumica d\u00ebrrmuese e grupit iku p\u00ebrmes rrug\u00ebve malore drejt Republik\u00ebs s\u00eb Serbis\u00eb\u201d.<\/p>\n<p>N\u00eb aktakuz\u00eb thuhet se ata ishin \u201ctrajnuar profesionalisht\u201d dhe se kishin hyr\u00eb n\u00eb Kosov\u00eb n\u00eb m\u00ebnyr\u00eb t\u00eb paligjshme nga Serbia, p\u00ebrmes rrug\u00ebve malore, me dhjet\u00ebra makina, disa prej t\u00eb cilave t\u00eb blinduara dhe t\u00eb ngarkuara me arm\u00eb t\u00eb r\u00ebnda, municione, raketahedh\u00ebs, eksploziv\u00eb, uniforma ushtarake kamufluese dhe pajisje t\u00eb tjera ushtarake logjistike.<\/p>\n<hr style=\"margin:30px 0\"\/>\n<p style=\"font-size:13px;color:#666\">Burimi: <strong>mesazhi<\/strong><\/p>\n","protected":false},"excerpt":{"rendered":"<p>Prokuroria Speciale e Kosov\u00ebs ka k\u00ebrkuar q\u00eb tre t\u00eb akuzuarit Blagoje Spasojeviq, Vladimir Toliq dhe Dushan Maksimoviq t\u00eb shpallen fajtor dhe t\u00eb d\u00ebnohen me burgim t\u00eb p\u00ebrjetsh\u00ebm. Prokurori i Prokuroris\u00eb Speciale, Naim Abazi, gjat\u00eb paraqitjes s\u00eb tij para trupit gjykues n\u00eb seanc\u00ebn gjyq\u00ebsore p\u00ebr sulmin n\u00eb Banjsk\u00eb ka deklaruar se ngjarjet e 24 shtatorit 2023 [&hellip;]<\/p>\n","protected":false},"author":1,"featured_media":106560,"comment_status":"open","ping_status":"open","sticky":false,"template":"","format":"standard","meta":{"footnotes":""},"categories":[14],"tags":[3803],"class_list":["post-106561","post","type-post","status-publish","format-standard","has-post-thumbnail","hentry","category-kombetare","tag-aktuale"],"_links":{"self":[{"href":"https:\/\/prizrenpost.com\/al\/wp-json\/wp\/v2\/posts\/106561","targetHints":{"allow":["GET"]}}],"collection":[{"href":"https:\/\/prizrenpost.com\/al\/wp-json\/wp\/v2\/posts"}],"about":[{"href":"https:\/\/prizrenpost.com\/al\/wp-json\/wp\/v2\/types\/post"}],"author":[{"embeddable":true,"href":"https:\/\/prizrenpost.com\/al\/wp-json\/wp\/v2\/users\/1"}],"replies":[{"embeddable":true,"href":"https:\/\/prizrenpost.com\/al\/wp-json\/wp\/v2\/comments?post=106561"}],"version-history":[{"count":0,"href":"https:\/\/prizrenpost.com\/al\/wp-json\/wp\/v2\/posts\/106561\/revisions"}],"wp:featuredmedia":[{"embeddable":true,"href":"https:\/\/prizrenpost.com\/al\/wp-json\/wp\/v2\/media\/106560"}],"wp:attachment":[{"href":"https:\/\/prizrenpost.com\/al\/wp-json\/wp\/v2\/media?parent=106561"}],"wp:term":[{"taxonomy":"category","embeddable":true,"href":"https:\/\/prizrenpost.com\/al\/wp-json\/wp\/v2\/categories?post=106561"},{"taxonomy":"post_tag","embeddable":true,"href":"https:\/\/prizrenpost.com\/al\/wp-json\/wp\/v2\/tags?post=106561"}],"curies":[{"name":"wp","href":"https:\/\/api.w.org\/{rel}","templated":true}]}}