{"id":106569,"date":"2026-04-15T14:45:19","date_gmt":"2026-04-15T11:45:19","guid":{"rendered":"https:\/\/prizrenpost.com\/al\/kurti-i-rezervuar-per-presidentin-jemi-ne-konsultime-me-opoziten\/"},"modified":"2026-04-15T14:45:19","modified_gmt":"2026-04-15T11:45:19","slug":"kurti-i-rezervuar-per-presidentin-jemi-ne-konsultime-me-opoziten","status":"publish","type":"post","link":"https:\/\/prizrenpost.com\/al\/kurti-i-rezervuar-per-presidentin-jemi-ne-konsultime-me-opoziten\/","title":{"rendered":"Kurti i rezervuar p\u00ebr presidentin: Jemi n\u00eb konsultime me opozit\u00ebn"},"content":{"rendered":"<figure class=\"post-featured-image\"><img decoding=\"async\" src=\"https:\/\/prizrenpost.com\/al\/wp-content\/uploads\/2026\/01\/prizrenpostog-og.jpg\" alt=\"Kurti i rezervuar p\u00ebr presidentin: Jemi n\u00eb konsultime me opozit\u00ebn\"\/><\/figure>\n<p>Kur kan\u00eb mbetur edhe dy jav\u00eb nga p\u00ebrfundimi i afatit t\u00eb vendosur nga Gjykata Kushtetuese p\u00ebr zgjedhjen e presidentit, n\u00eb horizont nuk po shihet q\u00eb do t\u00eb ket\u00eb ndonj\u00eb dakordim mes partive politike p\u00ebr k\u00ebt\u00eb \u00e7\u00ebshtje.<\/p>\n<p>Kryeministri Albin Kurti \u00ebsht\u00eb pyetur sot nga mediat n\u00ebse do t\u00eb ket\u00eb ndonj\u00eb takim k\u00ebt\u00eb jav\u00eb p\u00ebr k\u00ebt\u00eb \u00e7\u00ebshtje, mir\u00ebpo p\u00ebrgjigja e tij ishte e shkurt\u00ebr.<\/p>\n<p>\u201cJemi n\u00eb konsultime me kryetar\u00ebt e partive opozitare, kur ka rezultate at\u00ebher\u00eb ju njoftojm\u00eb\u201d, tha Kurti.<\/p>\n<p>Kujtojm\u00eb se Gjykata Kushtetuese ka dal\u00eb me nj\u00eb aktgjykim, ku ka caktuar 28 prillin si dat\u00eb t\u00eb fundit p\u00ebr zgjedhjen e presidentit.<\/p>\n<p>N\u00ebse d\u00ebshton zgjedhja e presidentit deri n\u00eb k\u00ebt\u00eb dat\u00eb, Kuvendi shp\u00ebrndahet automatikisht dhe zgjedhjet duhet t\u00eb mbahen brenda 45 dit\u00ebsh.<\/p>\n<hr style=\"margin:30px 0\"\/>\n<p style=\"font-size:13px;color:#666\">Burimi: <strong>mesazhi<\/strong><\/p>\n","protected":false},"excerpt":{"rendered":"<p>Kur kan\u00eb mbetur edhe dy jav\u00eb nga p\u00ebrfundimi i afatit t\u00eb vendosur nga Gjykata Kushtetuese p\u00ebr zgjedhjen e presidentit, n\u00eb horizont nuk po shihet q\u00eb do t\u00eb ket\u00eb ndonj\u00eb dakordim mes partive politike p\u00ebr k\u00ebt\u00eb \u00e7\u00ebshtje. Kryeministri Albin Kurti \u00ebsht\u00eb pyetur sot nga mediat n\u00ebse do t\u00eb ket\u00eb ndonj\u00eb takim k\u00ebt\u00eb jav\u00eb p\u00ebr k\u00ebt\u00eb \u00e7\u00ebshtje, [&hellip;]<\/p>\n","protected":false},"author":1,"featured_media":94304,"comment_status":"open","ping_status":"open","sticky":false,"template":"","format":"standard","meta":{"footnotes":""},"categories":[14],"tags":[3803],"class_list":["post-106569","post","type-post","status-publish","format-standard","has-post-thumbnail","hentry","category-kombetare","tag-aktuale"],"_links":{"self":[{"href":"https:\/\/prizrenpost.com\/al\/wp-json\/wp\/v2\/posts\/106569","targetHints":{"allow":["GET"]}}],"collection":[{"href":"https:\/\/prizrenpost.com\/al\/wp-json\/wp\/v2\/posts"}],"about":[{"href":"https:\/\/prizrenpost.com\/al\/wp-json\/wp\/v2\/types\/post"}],"author":[{"embeddable":true,"href":"https:\/\/prizrenpost.com\/al\/wp-json\/wp\/v2\/users\/1"}],"replies":[{"embeddable":true,"href":"https:\/\/prizrenpost.com\/al\/wp-json\/wp\/v2\/comments?post=106569"}],"version-history":[{"count":0,"href":"https:\/\/prizrenpost.com\/al\/wp-json\/wp\/v2\/posts\/106569\/revisions"}],"wp:featuredmedia":[{"embeddable":true,"href":"https:\/\/prizrenpost.com\/al\/wp-json\/wp\/v2\/media\/94304"}],"wp:attachment":[{"href":"https:\/\/prizrenpost.com\/al\/wp-json\/wp\/v2\/media?parent=106569"}],"wp:term":[{"taxonomy":"category","embeddable":true,"href":"https:\/\/prizrenpost.com\/al\/wp-json\/wp\/v2\/categories?post=106569"},{"taxonomy":"post_tag","embeddable":true,"href":"https:\/\/prizrenpost.com\/al\/wp-json\/wp\/v2\/tags?post=106569"}],"curies":[{"name":"wp","href":"https:\/\/api.w.org\/{rel}","templated":true}]}}