{"id":106571,"date":"2026-04-15T15:00:27","date_gmt":"2026-04-15T12:00:27","guid":{"rendered":"https:\/\/prizrenpost.com\/al\/rrokulliset-traktori-ne-polane-te-istogut-vdes-nje-person\/"},"modified":"2026-04-15T15:00:27","modified_gmt":"2026-04-15T12:00:27","slug":"rrokulliset-traktori-ne-polane-te-istogut-vdes-nje-person","status":"publish","type":"post","link":"https:\/\/prizrenpost.com\/al\/rrokulliset-traktori-ne-polane-te-istogut-vdes-nje-person\/","title":{"rendered":"Rrokulliset traktori n\u00eb Polan\u00eb t\u00eb Istogut, vdes nj\u00eb person"},"content":{"rendered":"<figure class=\"post-featured-image\"><img decoding=\"async\" src=\"https:\/\/prizrenpost.com\/al\/wp-content\/uploads\/2026\/04\/Lajm-i-fundit-2.jpeg\" alt=\"Rrokulliset traktori n\u00eb Polan\u00eb t\u00eb Istogut, vdes nj\u00eb person\"\/><\/figure>\n<p>Nj\u00eb person e ka humbur jet\u00ebn si pasoj\u00eb rrokullisjes me traktor.<\/p>\n<p>Rasti ka ndodhur n\u00eb Istog, konkretisht n\u00eb fshatin Polan\u00eb.<\/p>\n<p>Lajmin e ka konfirmuar p\u00ebr Klankosova.tv Fadil Gashi, z\u00ebdh\u00ebn\u00ebs i policis\u00eb p\u00ebr rajonin e Pej\u00ebs.<\/p>\n<p>&#8220;Nj\u00eb qytetar nga Leskoci i Klin\u00ebs ka shkuar p\u00ebr dru me traktor n\u00eb fshatin Polan\u00eb t\u00eb Istogut, me \u00e7&#8217;rast n\u00eb rrethana ende t\u00eb paqarta \u00ebsht\u00eb rrokullisur. Ai \u00ebsht\u00eb d\u00ebrguar p\u00ebr trajtim mjek\u00ebsor n\u00eb Qendren Kryesore t\u00eb Mjek\u00ebsis\u00eb Familjare n\u00eb Klin\u00eb, ku mjeku kujdestar e ka konstatuar vdekjen&#8221;, deklaroi Gashi.<\/p>\n<p>&#8220;N\u00eb vendin e ngjarjes kan\u00eb dal\u00eb menj\u00ebher\u00eb ekipet e emergjenc\u00ebs dhe autoritetet p\u00ebrkat\u00ebse, t\u00eb cilat po hetojn\u00eb shkaqet q\u00eb \u00e7uan n\u00eb k\u00ebt\u00eb aksident tragjik&#8221;, shtoi ai.<\/p>\n<p>&nbsp;<\/p>\n<hr style=\"margin:30px 0\"\/>\n<p style=\"font-size:13px;color:#666\">Burimi: <strong>klankosova<\/strong><\/p>\n","protected":false},"excerpt":{"rendered":"<p>Nj\u00eb person e ka humbur jet\u00ebn si pasoj\u00eb rrokullisjes me traktor. Rasti ka ndodhur n\u00eb Istog, konkretisht n\u00eb fshatin Polan\u00eb. Lajmin e ka konfirmuar p\u00ebr Klankosova.tv Fadil Gashi, z\u00ebdh\u00ebn\u00ebs i policis\u00eb p\u00ebr rajonin e Pej\u00ebs. &#8220;Nj\u00eb qytetar nga Leskoci i Klin\u00ebs ka shkuar p\u00ebr dru me traktor n\u00eb fshatin Polan\u00eb t\u00eb Istogut, me \u00e7&#8217;rast n\u00eb [&hellip;]<\/p>\n","protected":false},"author":1,"featured_media":106570,"comment_status":"open","ping_status":"open","sticky":false,"template":"","format":"standard","meta":{"footnotes":""},"categories":[17],"tags":[],"class_list":["post-106571","post","type-post","status-publish","format-standard","has-post-thumbnail","hentry","category-kronike"],"_links":{"self":[{"href":"https:\/\/prizrenpost.com\/al\/wp-json\/wp\/v2\/posts\/106571","targetHints":{"allow":["GET"]}}],"collection":[{"href":"https:\/\/prizrenpost.com\/al\/wp-json\/wp\/v2\/posts"}],"about":[{"href":"https:\/\/prizrenpost.com\/al\/wp-json\/wp\/v2\/types\/post"}],"author":[{"embeddable":true,"href":"https:\/\/prizrenpost.com\/al\/wp-json\/wp\/v2\/users\/1"}],"replies":[{"embeddable":true,"href":"https:\/\/prizrenpost.com\/al\/wp-json\/wp\/v2\/comments?post=106571"}],"version-history":[{"count":0,"href":"https:\/\/prizrenpost.com\/al\/wp-json\/wp\/v2\/posts\/106571\/revisions"}],"wp:featuredmedia":[{"embeddable":true,"href":"https:\/\/prizrenpost.com\/al\/wp-json\/wp\/v2\/media\/106570"}],"wp:attachment":[{"href":"https:\/\/prizrenpost.com\/al\/wp-json\/wp\/v2\/media?parent=106571"}],"wp:term":[{"taxonomy":"category","embeddable":true,"href":"https:\/\/prizrenpost.com\/al\/wp-json\/wp\/v2\/categories?post=106571"},{"taxonomy":"post_tag","embeddable":true,"href":"https:\/\/prizrenpost.com\/al\/wp-json\/wp\/v2\/tags?post=106571"}],"curies":[{"name":"wp","href":"https:\/\/api.w.org\/{rel}","templated":true}]}}