{"id":106573,"date":"2026-04-15T15:30:20","date_gmt":"2026-04-15T12:30:20","guid":{"rendered":"https:\/\/prizrenpost.com\/al\/u-rrokullis-me-traktor-ne-istog-ky-eshte-personi-qe-humbi-jeten\/"},"modified":"2026-04-15T15:30:20","modified_gmt":"2026-04-15T12:30:20","slug":"u-rrokullis-me-traktor-ne-istog-ky-eshte-personi-qe-humbi-jeten","status":"publish","type":"post","link":"https:\/\/prizrenpost.com\/al\/u-rrokullis-me-traktor-ne-istog-ky-eshte-personi-qe-humbi-jeten\/","title":{"rendered":"U rrokullis me traktor n\u00eb Istog, ky \u00ebsht\u00eb personi q\u00eb humbi jet\u00ebn"},"content":{"rendered":"<figure class=\"post-featured-image\"><img decoding=\"async\" src=\"https:\/\/prizrenpost.com\/al\/wp-content\/uploads\/2026\/04\/Traktori-1.jpg\" alt=\"U rrokullis me traktor n\u00eb Istog, ky \u00ebsht\u00eb personi q\u00eb humbi jet\u00ebn\"\/><\/figure>\n<p>Burimet e Klankosova.tv. b\u00ebjn\u00eb me dije se Gjon Dodaj \u00ebsht\u00eb personi i cili humbi jet\u00ebn sot n\u00eb fshatin Polan\u00eb t\u00eb Istogut.<\/p>\n<p>Viktima rreth 60 vje\u00e7 nga fshati Leskoc i Klin\u00ebs, vdiq pasi u rrokullis me traktor derisa kishte shkuar p\u00ebr t\u00eb prer\u00eb dru n\u00eb at\u00eb zon\u00eb.<\/p>\n<p>I nj\u00ebjti u d\u00ebrgua n\u00eb QMF-n\u00eb e Klin\u00ebs, ku vdekja e tij u konstatua nga mjeku kujdestar.<\/p>\n<blockquote class=\"wp-embedded-content\" data-secret=\"ExWkxsoUo7\">\n<p><a href=\"https:\/\/klankosova.tv\/rrokulliset-traktori-ne-polane-1te-istogut-vdes-nje-person\/\">Rrokulliset traktori n\u00eb Polan\u00eb t\u00eb Istogut, vdes nj\u00eb person<\/a><\/p>\n<\/blockquote>\n<hr style=\"margin:30px 0\"\/>\n<p style=\"font-size:13px;color:#666\">Burimi: <strong>klankosova<\/strong><\/p>\n","protected":false},"excerpt":{"rendered":"<p>Burimet e Klankosova.tv. b\u00ebjn\u00eb me dije se Gjon Dodaj \u00ebsht\u00eb personi i cili humbi jet\u00ebn sot n\u00eb fshatin Polan\u00eb t\u00eb Istogut. Viktima rreth 60 vje\u00e7 nga fshati Leskoc i Klin\u00ebs, vdiq pasi u rrokullis me traktor derisa kishte shkuar p\u00ebr t\u00eb prer\u00eb dru n\u00eb at\u00eb zon\u00eb. I nj\u00ebjti u d\u00ebrgua n\u00eb QMF-n\u00eb e Klin\u00ebs, ku [&hellip;]<\/p>\n","protected":false},"author":1,"featured_media":106572,"comment_status":"open","ping_status":"open","sticky":false,"template":"","format":"standard","meta":{"footnotes":""},"categories":[17],"tags":[],"class_list":["post-106573","post","type-post","status-publish","format-standard","has-post-thumbnail","hentry","category-kronike"],"_links":{"self":[{"href":"https:\/\/prizrenpost.com\/al\/wp-json\/wp\/v2\/posts\/106573","targetHints":{"allow":["GET"]}}],"collection":[{"href":"https:\/\/prizrenpost.com\/al\/wp-json\/wp\/v2\/posts"}],"about":[{"href":"https:\/\/prizrenpost.com\/al\/wp-json\/wp\/v2\/types\/post"}],"author":[{"embeddable":true,"href":"https:\/\/prizrenpost.com\/al\/wp-json\/wp\/v2\/users\/1"}],"replies":[{"embeddable":true,"href":"https:\/\/prizrenpost.com\/al\/wp-json\/wp\/v2\/comments?post=106573"}],"version-history":[{"count":0,"href":"https:\/\/prizrenpost.com\/al\/wp-json\/wp\/v2\/posts\/106573\/revisions"}],"wp:featuredmedia":[{"embeddable":true,"href":"https:\/\/prizrenpost.com\/al\/wp-json\/wp\/v2\/media\/106572"}],"wp:attachment":[{"href":"https:\/\/prizrenpost.com\/al\/wp-json\/wp\/v2\/media?parent=106573"}],"wp:term":[{"taxonomy":"category","embeddable":true,"href":"https:\/\/prizrenpost.com\/al\/wp-json\/wp\/v2\/categories?post=106573"},{"taxonomy":"post_tag","embeddable":true,"href":"https:\/\/prizrenpost.com\/al\/wp-json\/wp\/v2\/tags?post=106573"}],"curies":[{"name":"wp","href":"https:\/\/api.w.org\/{rel}","templated":true}]}}