{"id":106577,"date":"2026-04-15T16:10:11","date_gmt":"2026-04-15T13:10:11","guid":{"rendered":"https:\/\/prizrenpost.com\/al\/sondazh-79-per-qind-e-gjermane-te-pakenaqur-me-punen-e-qeverise\/"},"modified":"2026-04-15T16:10:11","modified_gmt":"2026-04-15T13:10:11","slug":"sondazh-79-per-qind-e-gjermane-te-pakenaqur-me-punen-e-qeverise","status":"publish","type":"post","link":"https:\/\/prizrenpost.com\/al\/sondazh-79-per-qind-e-gjermane-te-pakenaqur-me-punen-e-qeverise\/","title":{"rendered":"Sondazh: 79 p\u00ebr qind e gjerman\u00eb t\u00eb pak\u00ebnaqur me pun\u00ebn e qeveris\u00eb"},"content":{"rendered":"<figure class=\"post-featured-image\"><img decoding=\"async\" src=\"https:\/\/prizrenpost.com\/al\/wp-content\/uploads\/2026\/04\/thumbs_b_c_954a3899338ae097c6bbe8d322499abf.jpg\" alt=\"Sondazh: 79 p\u00ebr qind e gjerman\u00eb t\u00eb pak\u00ebnaqur me pun\u00ebn e qeveris\u00eb\"\/><\/figure>\n<p>Sipas nj\u00eb sondazhi t\u00eb kryer s\u00eb fundmi, 79 p\u00ebr qind e gjerman\u00ebve ishin t\u00eb pak\u00ebnaqur me performanc\u00ebn e qeveris\u00eb, e cila p\u00ebrb\u00ebhet nga Unioni Kristian Demokrat (CDU), partia e saj simot\u00ebr bavareze, Unioni Kristian Social (CSU) dhe Partia Social Demokrate (SPD) e qendr\u00ebs s\u00eb majt\u00eb, transmeton Anadolu.<\/p>\n<p>Sipas t\u00eb dh\u00ebnave t\u00eb kompanis\u00eb analitike YouGov, kjo shif\u00ebr ishte 55 p\u00ebr qind n\u00eb sondazhin e par\u00eb t\u00eb opinionit t\u00eb kryer n\u00eb qershor t\u00eb vitit 2025.<\/p>\n<p>Ndryshimi i ndjenj\u00ebs \u00ebsht\u00eb artikuluar ve\u00e7an\u00ebrisht midis votuesve t\u00eb partis\u00eb CDU t\u00eb kancelarit Friedrich Merz, pasi 48 p\u00ebr qind e tyre ishin t\u00eb k\u00ebnaqur me qeverin\u00eb n\u00eb muajin mars, kjo shif\u00ebr ra n\u00eb vet\u00ebm 34 p\u00ebr qind n\u00eb muajin prill.<\/p>\n<p>Nd\u00ebrkoh\u00eb, partia e ekstremit t\u00eb djatht\u00eb Alternativa p\u00ebr Gjermanin\u00eb (AfD) aktualisht \u00ebsht\u00eb forca m\u00eb e fort\u00eb politike n\u00eb Gjermani. N\u00eb sondazhin e fundit, partia raportohet t\u00eb ket\u00eb 27 p\u00ebr qind mb\u00ebshtetje, nj\u00eb rritje prej nj\u00eb pik\u00eb p\u00ebrqindjeje nga muaji i kaluar.<\/p>\n<p>N\u00eb t\u00eb kund\u00ebrt, partit\u00eb e koalicionit bashk\u00ebqeveris\u00ebs kan\u00eb p\u00ebsuar humbje t\u00eb konsiderueshme, pasi CDU\/CSU ka r\u00ebn\u00eb me tre pik\u00eb p\u00ebrqindjeje n\u00eb 23 p\u00ebr qind, shifra m\u00eb e ul\u00ebt e regjistruar n\u00eb sondazhin e YouGov q\u00eb nga dhjetori i vitit 2021.<\/p>\n<p>Partia Socialdemokrate (SPD) q\u00ebndron n\u00eb 13 p\u00ebr qind, nj\u00eb r\u00ebnie prej nj\u00eb pike p\u00ebrqindjeje. T\u00eb Gjelbrit dhe t\u00eb Majt\u00ebt n\u00eb opozit\u00eb kan\u00eb fituar secila nga nj\u00eb pik\u00eb p\u00ebrqindjeje, duke arritur p\u00ebrkat\u00ebsisht 14 p\u00ebr qind dhe 10 p\u00ebr qind.<\/p>\n<hr style=\"margin:30px 0\"\/>\n<p style=\"font-size:13px;color:#666\">Burimi: <strong>mesazhi<\/strong><\/p>\n","protected":false},"excerpt":{"rendered":"<p>Sipas nj\u00eb sondazhi t\u00eb kryer s\u00eb fundmi, 79 p\u00ebr qind e gjerman\u00ebve ishin t\u00eb pak\u00ebnaqur me performanc\u00ebn e qeveris\u00eb, e cila p\u00ebrb\u00ebhet nga Unioni Kristian Demokrat (CDU), partia e saj simot\u00ebr bavareze, Unioni Kristian Social (CSU) dhe Partia Social Demokrate (SPD) e qendr\u00ebs s\u00eb majt\u00eb, transmeton Anadolu. Sipas t\u00eb dh\u00ebnave t\u00eb kompanis\u00eb analitike YouGov, kjo [&hellip;]<\/p>\n","protected":false},"author":1,"featured_media":106576,"comment_status":"open","ping_status":"open","sticky":false,"template":"","format":"standard","meta":{"footnotes":""},"categories":[24],"tags":[3803],"class_list":["post-106577","post","type-post","status-publish","format-standard","has-post-thumbnail","hentry","category-bote","tag-aktuale"],"_links":{"self":[{"href":"https:\/\/prizrenpost.com\/al\/wp-json\/wp\/v2\/posts\/106577","targetHints":{"allow":["GET"]}}],"collection":[{"href":"https:\/\/prizrenpost.com\/al\/wp-json\/wp\/v2\/posts"}],"about":[{"href":"https:\/\/prizrenpost.com\/al\/wp-json\/wp\/v2\/types\/post"}],"author":[{"embeddable":true,"href":"https:\/\/prizrenpost.com\/al\/wp-json\/wp\/v2\/users\/1"}],"replies":[{"embeddable":true,"href":"https:\/\/prizrenpost.com\/al\/wp-json\/wp\/v2\/comments?post=106577"}],"version-history":[{"count":0,"href":"https:\/\/prizrenpost.com\/al\/wp-json\/wp\/v2\/posts\/106577\/revisions"}],"wp:featuredmedia":[{"embeddable":true,"href":"https:\/\/prizrenpost.com\/al\/wp-json\/wp\/v2\/media\/106576"}],"wp:attachment":[{"href":"https:\/\/prizrenpost.com\/al\/wp-json\/wp\/v2\/media?parent=106577"}],"wp:term":[{"taxonomy":"category","embeddable":true,"href":"https:\/\/prizrenpost.com\/al\/wp-json\/wp\/v2\/categories?post=106577"},{"taxonomy":"post_tag","embeddable":true,"href":"https:\/\/prizrenpost.com\/al\/wp-json\/wp\/v2\/tags?post=106577"}],"curies":[{"name":"wp","href":"https:\/\/api.w.org\/{rel}","templated":true}]}}