{"id":10658,"date":"2014-10-09T11:42:52","date_gmt":"2014-10-09T09:42:52","guid":{"rendered":"http:\/\/prizrenpost.com\/al\/?p=10658"},"modified":"2019-01-02T16:53:50","modified_gmt":"2019-01-02T15:53:50","slug":"arrestohen-shume-zyrtare-shendetesore-i-dyshuar-eshte-edhe-ministri-agani","status":"publish","type":"post","link":"https:\/\/prizrenpost.com\/al\/arrestohen-shume-zyrtare-shendetesore-i-dyshuar-eshte-edhe-ministri-agani\/","title":{"rendered":"Arrestohen shum\u00eb zyrtar\u00eb sh\u00ebndet\u00ebsor\u00eb, i dyshuar \u00ebsht\u00eb edhe ministri Agani"},"content":{"rendered":"<p><img decoding=\"async\" src=\"https:\/\/prizrenpost.com\/al\/wp-content\/uploads\/2014\/10\/policia-1.jpg\" alt=\"\" width=\"100%\" height=\"\" class=\"alignleft size-full wp-image-51265\" srcset=\"https:\/\/prizrenpost.com\/al\/wp-content\/uploads\/2014\/10\/policia-1.jpg 640w, https:\/\/prizrenpost.com\/al\/wp-content\/uploads\/2014\/10\/policia-1-300x169.jpg 300w\" sizes=\"(max-width: 640px) 100vw, 640px\" \/><\/p>\n<p><strong>Prishtin\u00eb &#8211; N\u00ebnt\u00eb zyrtar\u00eb t\u00eb Ministris\u00eb s\u00eb Sh\u00ebndet\u00ebsis\u00eb, t\u00eb spitaleve dhe klinikave private, nd\u00ebr ta edhe doktor\u00eb, jan\u00eb arrestuar n\u00eb or\u00ebt e hershme t\u00eb m\u00ebngjesit t\u00eb s\u00eb enjtes.<\/strong><\/p>\n<p>Sipas nj\u00eb burimi brenda Policis\u00eb s\u00eb Kosov\u00ebs, Nj\u00ebsiti p\u00ebr Krime Ekonomike ka kryer nj\u00eb operacion t\u00eb gjer\u00eb n\u00eb Prishtin\u00eb dhe Pej\u00eb, q\u00eb ka t\u00eb b\u00ebj\u00eb me personat q\u00eb dyshohet se kan\u00eb keqp\u00ebrdorur detyr\u00ebn e tyre zyrtare.<\/p>\n<p>\u201cAta dyshohen p\u00ebr keqp\u00ebrdorimin e detyr\u00ebs zyrtare, q\u00eb ka t\u00eb b\u00ebj\u00eb me pajisjet sh\u00ebndet\u00ebsore, sidomos me stendat q\u00eb p\u00ebrdoren tek pacient\u00ebt e s\u00ebmur\u00eb nga zemra\u201d, ka th\u00ebn\u00eb p\u00ebr lajmi.net, ky burim me kusht anonimiteti.<\/p>\n<p>Sipas k\u00ebtij burimi, Prokuroria ka v\u00ebrejtur se p\u00ebrdorimi i stendave t\u00eb dyshimta, t\u00eb skaduara afati, si dhe vendosja e tyre nga doktor\u00eb jokompetent\u00eb, mund t\u00eb ket\u00eb \u00e7uar n\u00eb vdekjen e pacient\u00ebve, q\u00eb deri tani e ka \u00e7uar numrin e tyre mbi 100.<\/p>\n<p>\u201cP\u00ebrve\u00e7 t\u00eb arrestuarve, i dyshuar n\u00eb k\u00ebt\u00eb rast \u00ebsht\u00eb edhe vet ministri i Sh\u00ebndet\u00ebsis\u00eb, Ferid Agani, si dhe Sekretari i P\u00ebrgjithsh\u00ebm i Ministris\u00eb s\u00eb Sh\u00ebndet\u00ebsis\u00eb\u201d, ka th\u00ebn\u00eb burimi i lajmi.net, duke b\u00ebr\u00eb t\u00eb ditur se aksioni i policis\u00eb \u00ebsht\u00eb duke vazhduar. \/lajmi.net\/<\/p>\n","protected":false},"excerpt":{"rendered":"<p>Prishtin\u00eb &#8211; N\u00ebnt\u00eb zyrtar\u00eb t\u00eb Ministris\u00eb s\u00eb Sh\u00ebndet\u00ebsis\u00eb, t\u00eb spitaleve dhe klinikave private, nd\u00ebr ta edhe doktor\u00eb, jan\u00eb arrestuar n\u00eb or\u00ebt e hershme t\u00eb m\u00ebngjesit t\u00eb s\u00eb enjtes. Sipas nj\u00eb burimi brenda Policis\u00eb s\u00eb Kosov\u00ebs, Nj\u00ebsiti p\u00ebr Krime Ekonomike ka kryer nj\u00eb operacion t\u00eb gjer\u00eb n\u00eb Prishtin\u00eb dhe Pej\u00eb, q\u00eb ka t\u00eb b\u00ebj\u00eb me personat [&hellip;]<\/p>\n","protected":false},"author":1,"featured_media":51265,"comment_status":"open","ping_status":"open","sticky":false,"template":"","format":"standard","meta":{"footnotes":""},"categories":[1],"tags":[1266,2884,48,741,49],"class_list":["post-10658","post","type-post","status-publish","format-standard","has-post-thumbnail","hentry","category-lajme","tag-arrestime","tag-ferid-agani","tag-kosove","tag-policia","tag-shendetesi"],"_links":{"self":[{"href":"https:\/\/prizrenpost.com\/al\/wp-json\/wp\/v2\/posts\/10658","targetHints":{"allow":["GET"]}}],"collection":[{"href":"https:\/\/prizrenpost.com\/al\/wp-json\/wp\/v2\/posts"}],"about":[{"href":"https:\/\/prizrenpost.com\/al\/wp-json\/wp\/v2\/types\/post"}],"author":[{"embeddable":true,"href":"https:\/\/prizrenpost.com\/al\/wp-json\/wp\/v2\/users\/1"}],"replies":[{"embeddable":true,"href":"https:\/\/prizrenpost.com\/al\/wp-json\/wp\/v2\/comments?post=10658"}],"version-history":[{"count":0,"href":"https:\/\/prizrenpost.com\/al\/wp-json\/wp\/v2\/posts\/10658\/revisions"}],"wp:featuredmedia":[{"embeddable":true,"href":"https:\/\/prizrenpost.com\/al\/wp-json\/wp\/v2\/media\/51265"}],"wp:attachment":[{"href":"https:\/\/prizrenpost.com\/al\/wp-json\/wp\/v2\/media?parent=10658"}],"wp:term":[{"taxonomy":"category","embeddable":true,"href":"https:\/\/prizrenpost.com\/al\/wp-json\/wp\/v2\/categories?post=10658"},{"taxonomy":"post_tag","embeddable":true,"href":"https:\/\/prizrenpost.com\/al\/wp-json\/wp\/v2\/tags?post=10658"}],"curies":[{"name":"wp","href":"https:\/\/api.w.org\/{rel}","templated":true}]}}