{"id":106592,"date":"2026-04-15T16:25:14","date_gmt":"2026-04-15T13:25:14","guid":{"rendered":"https:\/\/prizrenpost.com\/al\/vuciq-paralajmeron-nenshkrimin-e-kontratave-te-medha-per-furnizim-me-pajisje-ushtarake\/"},"modified":"2026-04-15T16:25:14","modified_gmt":"2026-04-15T13:25:14","slug":"vuciq-paralajmeron-nenshkrimin-e-kontratave-te-medha-per-furnizim-me-pajisje-ushtarake","status":"publish","type":"post","link":"https:\/\/prizrenpost.com\/al\/vuciq-paralajmeron-nenshkrimin-e-kontratave-te-medha-per-furnizim-me-pajisje-ushtarake\/","title":{"rendered":"Vu\u00e7iq paralajm\u00ebron n\u00ebnshkrimin e kontratave t\u00eb m\u00ebdha p\u00ebr furnizim me pajisje ushtarake"},"content":{"rendered":"<figure class=\"post-featured-image\"><img decoding=\"async\" src=\"https:\/\/prizrenpost.com\/al\/wp-content\/uploads\/2026\/04\/thumbs_b_c_d79c7c304479ae20fdf1961195da27ab.jpg\" alt=\"Vu\u00e7iq paralajm\u00ebron n\u00ebnshkrimin e kontratave t\u00eb m\u00ebdha p\u00ebr furnizim me pajisje ushtarake\"\/><\/figure>\n<p>Presidenti i Serbis\u00eb, Aleksandar Vu\u00e7iq ka deklaruar se vendi i tij n\u00eb dit\u00ebt n\u00eb vijim do t\u00eb n\u00ebnshkruaj\u00eb kontrata t\u00eb r\u00ebnd\u00ebsishme p\u00ebr furnizim me armatim dhe pajisje ushtarake, me q\u00ebllim forcimin e m\u00ebtejsh\u00ebm t\u00eb kapaciteteve mbrojt\u00ebse, transmeton Anadolu.<\/p>\n<p>\u201cN\u00eb dit\u00ebt n\u00eb vijim do t\u00eb n\u00ebnshkruajm\u00eb kontrata t\u00eb m\u00ebdha dhe shum\u00eb t\u00eb r\u00ebnd\u00ebsishme p\u00ebr furnizim t\u00eb m\u00ebtejsh\u00ebm me mjete t\u00eb armatimit dhe pajisje ushtarake nd\u00ebrsa na presin edhe vizita t\u00eb r\u00ebnd\u00ebsishme gjat\u00eb t\u00eb cilave do t\u00eb bien dakord kontrata shtes\u00eb me vende t\u00eb tjera\u201d, tha Vu\u00e7iq pas nj\u00eb takimi me drejtuesit m\u00eb t\u00eb lart\u00eb t\u00eb Ministris\u00eb s\u00eb Mbrojtjes dhe Ushtris\u00eb s\u00eb Serbis\u00eb.<\/p>\n<p>Ai theksoi se tashm\u00eb jan\u00eb b\u00ebr\u00eb porosi t\u00eb m\u00ebdha p\u00ebr ushtrin\u00eb dhe se gjendja e rezervave materiale dhe niveli i plot\u00ebsimit, si me personel ashtu edhe me pajisje, \u00ebsht\u00eb duksh\u00ebm m\u00eb i mir\u00eb se n\u00eb fillim t\u00eb vitit.<\/p>\n<p>Sipas tij, \u00ebsht\u00eb planifikuar ngritja e kapaciteteve t\u00eb Ushtris\u00eb s\u00eb Serbis\u00eb n\u00eb nj\u00eb nivel m\u00eb t\u00eb lart\u00eb, p\u00ebrfshir\u00eb zhvillimin e mbrojtjes ajrore shum\u00eb-shtresore dhe p\u00ebrmir\u00ebsimin e sistemeve t\u00eb mbik\u00ebqyrjes.<\/p>\n<p>\u201cDo t\u00eb kemi kapacitete t\u00eb tilla q\u00eb asgj\u00eb nuk do t\u00eb mund t\u00eb kaloj\u00eb pa u v\u00ebrejtur, nga aviacioni strategjik n\u00eb rajon deri te aktivitetet e tjera n\u00eb distanca t\u00eb m\u00ebdha\u201d, tha Vu\u00e7iq.<\/p>\n<p>Ai shtoi se do t\u00eb rriten sasit\u00eb e armatimit dhe pajisjeve si dhe fuqia dhe rrezja e veprimit t\u00eb sistemeve ushtarake. Presidenti serb theksoi se zhvillimi i ushtris\u00eb do t\u00eb vazhdoj\u00eb n\u00eb k\u00ebt\u00eb drejtim.<\/p>\n<p>Fokus i ve\u00e7ant\u00eb k\u00ebt\u00eb vit, sipas tij, do t\u00eb jet\u00eb rritja e prodhimit t\u00eb dron\u00ebve si dhe robotizimi dhe digjitalizimi i ushtris\u00eb. \u201cPres rritje t\u00eb ndjeshme t\u00eb prodhimit t\u00eb dron\u00ebve, por edhe p\u00ebrparim t\u00eb fort\u00eb n\u00eb robotizimin dhe digjitalizimin e ushtris\u00eb son\u00eb, gj\u00eb q\u00eb do t\u00eb p\u00ebrmir\u00ebsoj\u00eb m\u00eb tej kapacitetet e saj\u201d, tha Vu\u00e7iq.<\/p>\n<hr style=\"margin:30px 0\"\/>\n<p style=\"font-size:13px;color:#666\">Burimi: <strong>mesazhi<\/strong><\/p>\n","protected":false},"excerpt":{"rendered":"<p>Presidenti i Serbis\u00eb, Aleksandar Vu\u00e7iq ka deklaruar se vendi i tij n\u00eb dit\u00ebt n\u00eb vijim do t\u00eb n\u00ebnshkruaj\u00eb kontrata t\u00eb r\u00ebnd\u00ebsishme p\u00ebr furnizim me armatim dhe pajisje ushtarake, me q\u00ebllim forcimin e m\u00ebtejsh\u00ebm t\u00eb kapaciteteve mbrojt\u00ebse, transmeton Anadolu. \u201cN\u00eb dit\u00ebt n\u00eb vijim do t\u00eb n\u00ebnshkruajm\u00eb kontrata t\u00eb m\u00ebdha dhe shum\u00eb t\u00eb r\u00ebnd\u00ebsishme p\u00ebr furnizim t\u00eb [&hellip;]<\/p>\n","protected":false},"author":1,"featured_media":106591,"comment_status":"open","ping_status":"open","sticky":false,"template":"","format":"standard","meta":{"footnotes":""},"categories":[24],"tags":[3803],"class_list":["post-106592","post","type-post","status-publish","format-standard","has-post-thumbnail","hentry","category-bote","tag-aktuale"],"_links":{"self":[{"href":"https:\/\/prizrenpost.com\/al\/wp-json\/wp\/v2\/posts\/106592","targetHints":{"allow":["GET"]}}],"collection":[{"href":"https:\/\/prizrenpost.com\/al\/wp-json\/wp\/v2\/posts"}],"about":[{"href":"https:\/\/prizrenpost.com\/al\/wp-json\/wp\/v2\/types\/post"}],"author":[{"embeddable":true,"href":"https:\/\/prizrenpost.com\/al\/wp-json\/wp\/v2\/users\/1"}],"replies":[{"embeddable":true,"href":"https:\/\/prizrenpost.com\/al\/wp-json\/wp\/v2\/comments?post=106592"}],"version-history":[{"count":0,"href":"https:\/\/prizrenpost.com\/al\/wp-json\/wp\/v2\/posts\/106592\/revisions"}],"wp:featuredmedia":[{"embeddable":true,"href":"https:\/\/prizrenpost.com\/al\/wp-json\/wp\/v2\/media\/106591"}],"wp:attachment":[{"href":"https:\/\/prizrenpost.com\/al\/wp-json\/wp\/v2\/media?parent=106592"}],"wp:term":[{"taxonomy":"category","embeddable":true,"href":"https:\/\/prizrenpost.com\/al\/wp-json\/wp\/v2\/categories?post=106592"},{"taxonomy":"post_tag","embeddable":true,"href":"https:\/\/prizrenpost.com\/al\/wp-json\/wp\/v2\/tags?post=106592"}],"curies":[{"name":"wp","href":"https:\/\/api.w.org\/{rel}","templated":true}]}}