{"id":106600,"date":"2026-04-15T16:25:35","date_gmt":"2026-04-15T13:25:35","guid":{"rendered":""},"modified":"2026-04-15T16:25:35","modified_gmt":"2026-04-15T13:25:35","slug":"ekstradohen-ne-kosove-kater-persona-te-kerkuar-nderkombetarisht","status":"publish","type":"post","link":"https:\/\/prizrenpost.com\/al\/ekstradohen-ne-kosove-kater-persona-te-kerkuar-nderkombetarisht\/","title":{"rendered":"Ekstradohen n\u00eb Kosov\u00eb kat\u00ebr persona t\u00eb k\u00ebrkuar nd\u00ebrkomb\u00ebtarisht"},"content":{"rendered":"<figure class=\"post-featured-image\"><img decoding=\"async\" src=\"https:\/\/prizrenpost.com\/al\/wp-content\/uploads\/2026\/04\/Policia-8-1.jpg\" alt=\"Ekstradohen n\u00eb Kosov\u00eb kat\u00ebr persona t\u00eb k\u00ebrkuar nd\u00ebrkomb\u00ebtarisht\"\/><\/figure>\n<p>Policia, p\u00ebrkat\u00ebsisht Drejtoria p\u00ebr Bashk\u00ebpunim Nd\u00ebrkomb\u00ebtar, n\u00eb koordinim me nj\u00ebsitet relevante dhe institucionet e drejt\u00ebsis\u00eb, ka realizuar me sukses ekstradimin e kat\u00ebr personave t\u00eb shpallur n\u00eb k\u00ebrkim nd\u00ebrkomb\u00ebtar p\u00ebrmes INTERPOL.<\/p>\n<p>M\u00eb 14 prill 2026, nga Hungaria n\u00eb Kosov\u00eb \u00ebsht\u00eb ekstraduar nj\u00eb shtetas kosovar me inicialet Q.I., i cili k\u00ebrkohej nga organet e drejt\u00ebsis\u00eb n\u00eb vend. Pas mb\u00ebrritjes, i dyshuari i \u00ebsht\u00eb dor\u00ebzuar nj\u00ebsive p\u00ebrkat\u00ebse t\u00eb Policis\u00eb n\u00eb rajonin e Gjakov\u00ebs p\u00ebr procedura t\u00eb m\u00ebtejshme ligjore.<\/p>\n<p>Nd\u00ebrkaq, m\u00eb 15 prill 2026, nga Shqip\u00ebria n\u00eb Kosov\u00eb jan\u00eb ekstraduar dy shtetas shqiptar\u00eb, me inicialet R.B. dhe G.H., t\u00eb cil\u00ebt gjithashtu ishin n\u00eb k\u00ebrkim nga institucionet e drejt\u00ebsis\u00eb. Pas ekstradimit, ata jan\u00eb dor\u00ebzuar n\u00eb Drejtorin\u00eb p\u00ebr Hetimin e Trafikimit me Njer\u00ebz p\u00ebr vazhdimin e procedurave ligjore.<\/p>\n<p>&#8220;Po n\u00eb t\u00eb nj\u00ebjt\u00ebn dit\u00eb, \u00ebsht\u00eb realizuar edhe ekstradimi nga Mali i Zi n\u00eb Kosov\u00eb i nj\u00eb shtetasi kosovar me inicialet I.A., i cili k\u00ebrkohej nga drejt\u00ebsia. Ai \u00ebsht\u00eb dor\u00ebzuar te nj\u00ebsit\u00eb p\u00ebrkat\u00ebse t\u00eb Policis\u00eb n\u00eb rajonin e Mitrovic\u00ebs&#8221;, thuhet n\u00eb njoftimin e organeve t\u00eb rendit transmeton Klankosova.tv.<\/p>\n<p>T\u00eb dyshuarit ishin arrestuar m\u00eb her\u00ebt nga autoritetet e vendeve p\u00ebrkat\u00ebse, nd\u00ebrsa ekstradimet u realizuan n\u00eb p\u00ebrputhje me ligjet n\u00eb fuqi dhe fal\u00eb bashk\u00ebpunimit t\u00eb ngusht\u00eb nd\u00ebrinstitucional mes Republik\u00ebs s\u00eb Kosov\u00ebs dhe shteteve partnere.<\/p>\n<hr style=\"margin:30px 0\"\/>\n<p style=\"font-size:13px;color:#666\">Burimi: <strong>klankosova<\/strong><\/p>\n","protected":false},"excerpt":{"rendered":"<p>Policia, p\u00ebrkat\u00ebsisht Drejtoria p\u00ebr Bashk\u00ebpunim Nd\u00ebrkomb\u00ebtar, n\u00eb koordinim me nj\u00ebsitet relevante dhe institucionet e drejt\u00ebsis\u00eb, ka realizuar me sukses ekstradimin e kat\u00ebr personave t\u00eb shpallur n\u00eb k\u00ebrkim nd\u00ebrkomb\u00ebtar p\u00ebrmes INTERPOL. M\u00eb 14 prill 2026, nga Hungaria n\u00eb Kosov\u00eb \u00ebsht\u00eb ekstraduar nj\u00eb shtetas kosovar me inicialet Q.I., i cili k\u00ebrkohej nga organet e drejt\u00ebsis\u00eb n\u00eb vend. [&hellip;]<\/p>\n","protected":false},"author":1,"featured_media":0,"comment_status":"open","ping_status":"open","sticky":false,"template":"","format":"standard","meta":{"footnotes":""},"categories":[],"tags":[],"class_list":["post-106600","post","type-post","status-publish","format-standard","hentry"],"_links":{"self":[{"href":"https:\/\/prizrenpost.com\/al\/wp-json\/wp\/v2\/posts\/106600","targetHints":{"allow":["GET"]}}],"collection":[{"href":"https:\/\/prizrenpost.com\/al\/wp-json\/wp\/v2\/posts"}],"about":[{"href":"https:\/\/prizrenpost.com\/al\/wp-json\/wp\/v2\/types\/post"}],"author":[{"embeddable":true,"href":"https:\/\/prizrenpost.com\/al\/wp-json\/wp\/v2\/users\/1"}],"replies":[{"embeddable":true,"href":"https:\/\/prizrenpost.com\/al\/wp-json\/wp\/v2\/comments?post=106600"}],"version-history":[{"count":0,"href":"https:\/\/prizrenpost.com\/al\/wp-json\/wp\/v2\/posts\/106600\/revisions"}],"wp:attachment":[{"href":"https:\/\/prizrenpost.com\/al\/wp-json\/wp\/v2\/media?parent=106600"}],"wp:term":[{"taxonomy":"category","embeddable":true,"href":"https:\/\/prizrenpost.com\/al\/wp-json\/wp\/v2\/categories?post=106600"},{"taxonomy":"post_tag","embeddable":true,"href":"https:\/\/prizrenpost.com\/al\/wp-json\/wp\/v2\/tags?post=106600"}],"curies":[{"name":"wp","href":"https:\/\/api.w.org\/{rel}","templated":true}]}}