{"id":107469,"date":"2026-04-25T05:40:08","date_gmt":"2026-04-25T02:40:08","guid":{"rendered":"https:\/\/prizrenpost.com\/al\/27-vjecarja-ne-shkoder-humb-jeten-pas-lindjes-se-binjakeve\/"},"modified":"2026-04-25T05:40:08","modified_gmt":"2026-04-25T02:40:08","slug":"27-vjecarja-ne-shkoder-humb-jeten-pas-lindjes-se-binjakeve","status":"publish","type":"post","link":"https:\/\/prizrenpost.com\/al\/27-vjecarja-ne-shkoder-humb-jeten-pas-lindjes-se-binjakeve\/","title":{"rendered":"27-vje\u00e7arja n\u00eb Shkod\u00ebr humb jet\u00ebn pas lindjes s\u00eb binjak\u00ebve"},"content":{"rendered":"<figure class=\"post-featured-image\"><img decoding=\"async\" src=\"https:\/\/prizrenpost.com\/al\/wp-content\/uploads\/2026\/01\/prizrenpostog-og.jpg\" alt=\"27-vje\u00e7arja n\u00eb Shkod\u00ebr humb jet\u00ebn pas lindjes s\u00eb binjak\u00ebve\"\/><\/figure>\n<p>Nj\u00eb 27-vje\u00e7are nga Shkodra ka humbur jet\u00ebn vet\u00ebm pak or\u00eb pasi ishte b\u00ebr\u00eb nj\u00eb apel urgjent p\u00ebr dhurim gjaku n\u00eb ndihm\u00eb t\u00eb saj, p\u00ebr shkak t\u00eb komplikimeve sh\u00ebndet\u00ebsore.<\/p>\n<p>E reja me inicialet M.S. kishte sjell\u00eb n\u00eb jet\u00eb binjak\u00eb, por gjendja e saj sh\u00ebndet\u00ebsore u p\u00ebrkeq\u00ebsua menj\u00ebher\u00eb pas lindjes, duke e b\u00ebr\u00eb t\u00eb domosdosh\u00ebm sigurimin urgjent t\u00eb gjakut t\u00eb grupit 0 negativ.<\/p>\n<p>Si\u00e7 ka raportuar \u201cTop Channel\u201d pavar\u00ebsisht p\u00ebrpjekjeve t\u00eb mjek\u00ebve 27-vje\u00e7arja nuk arriti t\u2019i mbijetoj\u00eb gjendjes kritike.<\/p>\n<hr style=\"margin:30px 0\"\/>\n<p style=\"font-size:13px;color:#666\">Burimi: <strong>mesazhi<\/strong><\/p>\n","protected":false},"excerpt":{"rendered":"<p>Nj\u00eb 27-vje\u00e7are nga Shkodra ka humbur jet\u00ebn vet\u00ebm pak or\u00eb pasi ishte b\u00ebr\u00eb nj\u00eb apel urgjent p\u00ebr dhurim gjaku n\u00eb ndihm\u00eb t\u00eb saj, p\u00ebr shkak t\u00eb komplikimeve sh\u00ebndet\u00ebsore. E reja me inicialet M.S. kishte sjell\u00eb n\u00eb jet\u00eb binjak\u00eb, por gjendja e saj sh\u00ebndet\u00ebsore u p\u00ebrkeq\u00ebsua menj\u00ebher\u00eb pas lindjes, duke e b\u00ebr\u00eb t\u00eb domosdosh\u00ebm sigurimin urgjent [&hellip;]<\/p>\n","protected":false},"author":1,"featured_media":94304,"comment_status":"open","ping_status":"open","sticky":false,"template":"","format":"standard","meta":{"footnotes":""},"categories":[15],"tags":[],"class_list":["post-107469","post","type-post","status-publish","format-standard","has-post-thumbnail","hentry","category-ballkan"],"_links":{"self":[{"href":"https:\/\/prizrenpost.com\/al\/wp-json\/wp\/v2\/posts\/107469","targetHints":{"allow":["GET"]}}],"collection":[{"href":"https:\/\/prizrenpost.com\/al\/wp-json\/wp\/v2\/posts"}],"about":[{"href":"https:\/\/prizrenpost.com\/al\/wp-json\/wp\/v2\/types\/post"}],"author":[{"embeddable":true,"href":"https:\/\/prizrenpost.com\/al\/wp-json\/wp\/v2\/users\/1"}],"replies":[{"embeddable":true,"href":"https:\/\/prizrenpost.com\/al\/wp-json\/wp\/v2\/comments?post=107469"}],"version-history":[{"count":0,"href":"https:\/\/prizrenpost.com\/al\/wp-json\/wp\/v2\/posts\/107469\/revisions"}],"wp:featuredmedia":[{"embeddable":true,"href":"https:\/\/prizrenpost.com\/al\/wp-json\/wp\/v2\/media\/94304"}],"wp:attachment":[{"href":"https:\/\/prizrenpost.com\/al\/wp-json\/wp\/v2\/media?parent=107469"}],"wp:term":[{"taxonomy":"category","embeddable":true,"href":"https:\/\/prizrenpost.com\/al\/wp-json\/wp\/v2\/categories?post=107469"},{"taxonomy":"post_tag","embeddable":true,"href":"https:\/\/prizrenpost.com\/al\/wp-json\/wp\/v2\/tags?post=107469"}],"curies":[{"name":"wp","href":"https:\/\/api.w.org\/{rel}","templated":true}]}}