{"id":107471,"date":"2026-04-25T05:40:19","date_gmt":"2026-04-25T02:40:19","guid":{"rendered":"https:\/\/prizrenpost.com\/al\/artistet-do-te-organizojne-event-alternativ-te-eurovizionit-ne-bruksel-per-shkak-te-pjesemarrjes-se-izraelit\/"},"modified":"2026-04-25T05:40:19","modified_gmt":"2026-04-25T02:40:19","slug":"artistet-do-te-organizojne-event-alternativ-te-eurovizionit-ne-bruksel-per-shkak-te-pjesemarrjes-se-izraelit","status":"publish","type":"post","link":"https:\/\/prizrenpost.com\/al\/artistet-do-te-organizojne-event-alternativ-te-eurovizionit-ne-bruksel-per-shkak-te-pjesemarrjes-se-izraelit\/","title":{"rendered":"Artist\u00ebt do t\u00eb organizojn\u00eb event alternativ t\u00eb Eurovizionit n\u00eb Bruksel p\u00ebr shkak t\u00eb pjes\u00ebmarrjes s\u00eb Izraelit"},"content":{"rendered":"<figure class=\"post-featured-image\"><img decoding=\"async\" src=\"https:\/\/prizrenpost.com\/al\/wp-content\/uploads\/2026\/04\/Eurovizion-no.jpg\" alt=\"Artist\u00ebt do t\u00eb organizojn\u00eb event alternativ t\u00eb Eurovizionit n\u00eb Bruksel p\u00ebr shkak t\u00eb pjes\u00ebmarrjes s\u00eb Izraelit\"\/><\/figure>\n<p>Nj\u00eb festival alternativ i k\u00ebng\u00ebs me titull \u201cT\u00eb bashkuar p\u00ebr Palestin\u00ebn\u201d do t\u00eb mbahet n\u00eb Bruksel si protest\u00eb kund\u00ebr pjes\u00ebmarrjes s\u00eb Izraelit n\u00eb Konkursin e K\u00ebng\u00ebs Eurovizion, njoftuan organizator\u00ebt t\u00eb premten, transmeton Anadolu.<\/p>\n<p>Ngjarja, e planifikuar p\u00ebr m\u00eb 12 maj, do t\u00eb p\u00ebrkoj\u00eb me gjysm\u00ebfinalen e Eurovizionit n\u00eb t\u00eb cil\u00ebn Belgjika dhe Izraeli pritet t\u00eb paraqiten n\u00eb t\u00eb nj\u00ebjt\u00ebn mbr\u00ebmje.<\/p>\n<p>Ai po organizohet si nj\u00eb reagim kulturor ndaj asaj q\u00eb organizatat joqeveritare dhe sindikatat pjes\u00ebmarr\u00ebse e p\u00ebrshkruajn\u00eb si vendim t\u00eb konkursit p\u00ebr t\u00eb p\u00ebrfshir\u00eb Izraelin mes luft\u00ebs s\u00eb vazhdueshme n\u00eb Gaza, tha n\u00eb nj\u00eb deklarat\u00eb organizata joqeveritare \u201c11.11.11\u201d me seli n\u00eb Bruksel.<\/p>\n<p>N\u00ebn sloganin \u201cMos e shikoni Eurovizionin. Nuk ka sken\u00eb p\u00ebr gjenocid\u201d, festivali do t\u00eb p\u00ebrfshij\u00eb ish-pjes\u00ebmarr\u00ebs t\u00eb Eurovizionit, muzikant\u00eb belg\u00eb dhe artist\u00eb palestinez\u00eb, duke kombinuar performanca muzikore me segmente t\u00eb fjal\u00ebs artistike dhe mesazhe solidariteti, sipas organizator\u00ebve.<\/p>\n<p>N\u00eb list\u00ebn e pjes\u00ebmarr\u00ebsve jan\u00eb ish-p\u00ebrfaq\u00ebsuesit belg\u00eb n\u00eb Eurovizion Gustaph, Laura Tesoro, Geike Arnaert dhe Walter Verdin nga grupi Pas de Deux, s\u00eb bashku me disa artist\u00eb t\u00eb tjer\u00eb belg\u00eb.<\/p>\n<p>Organizator\u00ebt than\u00eb se iniciativa \u00ebsht\u00eb pjes\u00eb e nj\u00eb l\u00ebvizjeje m\u00eb t\u00eb gjer\u00eb evropiane, me ngjarje t\u00eb ngjashme alternative q\u00eb thuhet se po p\u00ebrgatiten n\u00eb disa vende, p\u00ebrfshir\u00eb Gjermanin\u00eb, Austrin\u00eb, Spanj\u00ebn, Italin\u00eb dhe Sllovenin\u00eb.<\/p>\n<p>Vendimi i Unionit Evropian t\u00eb Transmetuesve p\u00ebr t\u00eb lejuar Izraelin t\u00eb marr\u00eb pjes\u00eb n\u00eb konkursin e k\u00ebtij viti n\u00eb Vjen\u00eb ka shkaktuar reagime t\u00eb ashpra n\u00eb pjes\u00eb t\u00eb ndryshme t\u00eb Evrop\u00ebs.<\/p>\n<p>Pas k\u00ebtij vendimi, transmetuesit n\u00eb pes\u00eb vende \u2014 Island\u00eb, Irland\u00eb, Holand\u00eb, Slloveni dhe Spanj\u00eb \u2014 njoftuan se do t\u00eb t\u00ebrhiqen nga konkursi i vitit 2026.<\/p>\n<p>S\u00eb fundmi, m\u00eb shum\u00eb se 1.000 muzikant\u00eb n\u00ebnshkruan nj\u00eb let\u00ebr t\u00eb hapur duke b\u00ebr\u00eb thirrje p\u00ebr bojkot t\u00eb konkursit, nd\u00ebrsa disa transmetues publik\u00eb n\u00eb Evrop\u00eb vendos\u00ebn t\u00eb mos e transmetojn\u00eb gar\u00ebn.<\/p>\n<p>Konkursi i K\u00ebng\u00ebs Eurovizion, i organizuar nga Unioni Evropian i Transmetuesve, \u00ebsht\u00eb nj\u00eb nga garat m\u00eb t\u00eb m\u00ebdha muzikore televizive n\u00eb bot\u00eb dhe ka ndaluar pjes\u00ebmarrjen e Rusis\u00eb q\u00eb nga viti 2022 p\u00ebr shkak t\u00eb luft\u00ebs n\u00eb Ukrain\u00eb.<\/p>\n<hr style=\"margin:30px 0\"\/>\n<p style=\"font-size:13px;color:#666\">Burimi: <strong>mesazhi<\/strong><\/p>\n","protected":false},"excerpt":{"rendered":"<p>Nj\u00eb festival alternativ i k\u00ebng\u00ebs me titull \u201cT\u00eb bashkuar p\u00ebr Palestin\u00ebn\u201d do t\u00eb mbahet n\u00eb Bruksel si protest\u00eb kund\u00ebr pjes\u00ebmarrjes s\u00eb Izraelit n\u00eb Konkursin e K\u00ebng\u00ebs Eurovizion, njoftuan organizator\u00ebt t\u00eb premten, transmeton Anadolu. Ngjarja, e planifikuar p\u00ebr m\u00eb 12 maj, do t\u00eb p\u00ebrkoj\u00eb me gjysm\u00ebfinalen e Eurovizionit n\u00eb t\u00eb cil\u00ebn Belgjika dhe Izraeli pritet t\u00eb [&hellip;]<\/p>\n","protected":false},"author":1,"featured_media":107470,"comment_status":"open","ping_status":"open","sticky":false,"template":"","format":"standard","meta":{"footnotes":""},"categories":[24],"tags":[3803],"class_list":["post-107471","post","type-post","status-publish","format-standard","has-post-thumbnail","hentry","category-bote","tag-aktuale"],"_links":{"self":[{"href":"https:\/\/prizrenpost.com\/al\/wp-json\/wp\/v2\/posts\/107471","targetHints":{"allow":["GET"]}}],"collection":[{"href":"https:\/\/prizrenpost.com\/al\/wp-json\/wp\/v2\/posts"}],"about":[{"href":"https:\/\/prizrenpost.com\/al\/wp-json\/wp\/v2\/types\/post"}],"author":[{"embeddable":true,"href":"https:\/\/prizrenpost.com\/al\/wp-json\/wp\/v2\/users\/1"}],"replies":[{"embeddable":true,"href":"https:\/\/prizrenpost.com\/al\/wp-json\/wp\/v2\/comments?post=107471"}],"version-history":[{"count":0,"href":"https:\/\/prizrenpost.com\/al\/wp-json\/wp\/v2\/posts\/107471\/revisions"}],"wp:featuredmedia":[{"embeddable":true,"href":"https:\/\/prizrenpost.com\/al\/wp-json\/wp\/v2\/media\/107470"}],"wp:attachment":[{"href":"https:\/\/prizrenpost.com\/al\/wp-json\/wp\/v2\/media?parent=107471"}],"wp:term":[{"taxonomy":"category","embeddable":true,"href":"https:\/\/prizrenpost.com\/al\/wp-json\/wp\/v2\/categories?post=107471"},{"taxonomy":"post_tag","embeddable":true,"href":"https:\/\/prizrenpost.com\/al\/wp-json\/wp\/v2\/tags?post=107471"}],"curies":[{"name":"wp","href":"https:\/\/api.w.org\/{rel}","templated":true}]}}