{"id":107473,"date":"2026-04-25T05:40:23","date_gmt":"2026-04-25T02:40:23","guid":{"rendered":"https:\/\/prizrenpost.com\/al\/11-palestineze-te-vrare-ne-sulmet-e-fundit-izraelite-ne-gaza-pavaresisht-armepushimit\/"},"modified":"2026-04-25T05:40:23","modified_gmt":"2026-04-25T02:40:23","slug":"11-palestineze-te-vrare-ne-sulmet-e-fundit-izraelite-ne-gaza-pavaresisht-armepushimit","status":"publish","type":"post","link":"https:\/\/prizrenpost.com\/al\/11-palestineze-te-vrare-ne-sulmet-e-fundit-izraelite-ne-gaza-pavaresisht-armepushimit\/","title":{"rendered":"11 palestinez\u00eb t\u00eb vrar\u00eb n\u00eb sulmet e fundit izraelite n\u00eb Gaza pavar\u00ebsisht arm\u00ebpushimit"},"content":{"rendered":"<figure class=\"post-featured-image\"><img decoding=\"async\" src=\"https:\/\/prizrenpost.com\/al\/wp-content\/uploads\/2026\/04\/thumbs_b_c_0d671e9c8b510ea4ce01d37b5f7a278e.jpg\" alt=\"11 palestinez\u00eb t\u00eb vrar\u00eb n\u00eb sulmet e fundit izraelite n\u00eb Gaza pavar\u00ebsisht arm\u00ebpushimit\"\/><\/figure>\n<p>T\u00eb pakt\u00ebn 11 palestinez\u00eb u vran\u00eb dhe disa t\u00eb tjer\u00eb u plagos\u00ebn t\u00eb premten n\u00eb sulme izraelite q\u00eb godit\u00ebn zona t\u00eb shumta n\u00eb Rripin e Gaz\u00ebs, n\u00eb shkelje t\u00eb vazhdueshme t\u00eb arm\u00ebpushimit n\u00eb fuqi q\u00eb nga tetori 2025.<\/p>\n<p>N\u00eb nj\u00eb deklarat\u00eb, Ministria e Brendshme e Gaz\u00ebs tha se shtat\u00eb persona \u2013 dy oficer\u00eb, dy ndihm\u00ebs policie dhe tre civil\u00eb \u2013 u vran\u00eb kur nj\u00eb sulm izraelit goditi nj\u00eb automjet policie n\u00eb Khan Younis, n\u00eb jug t\u00eb Rripit t\u00eb Gaz\u00ebs.<\/p>\n<p>N\u00eb veri t\u00eb Gaz\u00ebs, nj\u00eb grua dhe nj\u00eb f\u00ebmij\u00eb u vran\u00eb dhe gjasht\u00eb t\u00eb tjer\u00eb u plagos\u00ebn n\u00eb nj\u00eb sulm izraelit q\u00eb goditi sht\u00ebpi pran\u00eb Spitalit Kamal Adwan n\u00eb Beit Lahia, than\u00eb burime mjek\u00ebsore p\u00ebr Anadolu.<\/p>\n<p>M\u00eb her\u00ebt, dy oficer\u00eb palestinez\u00eb u vran\u00eb dhe dy t\u00eb tjer\u00eb u plagos\u00ebn n\u00eb nj\u00eb sulm izraelit q\u00eb goditi nj\u00eb patrull\u00eb policie pran\u00eb stacionit t\u00eb policis\u00eb Sheikh Radwan n\u00eb Qytetin e Gaz\u00ebs, sipas Ministris\u00eb s\u00eb Brendshme.<\/p>\n<p>N\u00eb nj\u00eb deklarat\u00eb t\u00eb ve\u00e7ant\u00eb, ministria d\u00ebnoi at\u00eb q\u00eb e p\u00ebrshkroi si \u201cheshtje e vazhdueshme\u201d e organizatave nd\u00ebrkomb\u00ebtare, ve\u00e7an\u00ebrisht t\u00eb Komitetit Nd\u00ebrkomb\u00ebtar t\u00eb Kryqit t\u00eb Kuq, lidhur me sh\u00ebnjestrimin e personelit civil t\u00eb policis\u00eb.<\/p>\n<p>Ajo tha se kjo p\u00ebrb\u00ebn \u201cbashk\u00ebfaj\u00ebsi q\u00eb inkurajon shkelje t\u00eb m\u00ebtejshme ndaj nj\u00eb strukture civile t\u00eb mbrojtur sipas t\u00eb drejt\u00ebs nd\u00ebrkomb\u00ebtare\u201d, duke theksuar se nuk ka asnj\u00eb justifikim p\u00ebr sh\u00ebnjestrimin e forcave policore n\u00eb Gaza, t\u00eb cilat, sipas saj, ofrojn\u00eb sh\u00ebrbime thelb\u00ebsore p\u00ebr banor\u00ebt n\u00eb gjith\u00eb enklav\u00ebn.<\/p>\n<p>Burime mjek\u00ebsore dhe d\u00ebshmitar\u00eb okular\u00eb than\u00eb se sulmet godit\u00ebn zona jasht\u00eb zonave t\u00eb dislokimit ushtarak izraelit sipas marr\u00ebveshjes s\u00eb arm\u00ebpushimit.<\/p>\n<p>Sulmi vjen n\u00eb mes t\u00eb shkeljeve t\u00eb vazhdueshme izraelite t\u00eb marr\u00ebveshjes s\u00eb arm\u00ebpushimit n\u00eb fuqi q\u00eb nga tetori 2025, pas nj\u00eb lufte q\u00eb la m\u00eb shum\u00eb se 72.000 palestinez\u00eb t\u00eb vrar\u00eb dhe mbi 172.000 t\u00eb plagosur, shumica prej tyre gra dhe f\u00ebmij\u00eb.<\/p>\n<p>M\u00eb 14 prill, zyra mediatike e qeveris\u00eb s\u00eb Gaz\u00ebs tha n\u00eb nj\u00eb deklarat\u00eb se Izraeli kishte kryer 2.400 shkelje t\u00eb arm\u00ebpushimit, p\u00ebrfshir\u00eb vrasje, arrestime, masa bllokade dhe politika urie.<\/p>\n<p>Sipas Ministris\u00eb s\u00eb Sh\u00ebndet\u00ebsis\u00eb s\u00eb Gaz\u00ebs, shkeljet e vazhdueshme kan\u00eb rezultuar n\u00eb vdekjen e 972 palestinez\u00ebve dhe plagosjen e 2.235 t\u00eb tjer\u00ebve.<\/p>\n<hr style=\"margin:30px 0\"\/>\n<p style=\"font-size:13px;color:#666\">Burimi: <strong>mesazhi<\/strong><\/p>\n","protected":false},"excerpt":{"rendered":"<p>T\u00eb pakt\u00ebn 11 palestinez\u00eb u vran\u00eb dhe disa t\u00eb tjer\u00eb u plagos\u00ebn t\u00eb premten n\u00eb sulme izraelite q\u00eb godit\u00ebn zona t\u00eb shumta n\u00eb Rripin e Gaz\u00ebs, n\u00eb shkelje t\u00eb vazhdueshme t\u00eb arm\u00ebpushimit n\u00eb fuqi q\u00eb nga tetori 2025. N\u00eb nj\u00eb deklarat\u00eb, Ministria e Brendshme e Gaz\u00ebs tha se shtat\u00eb persona \u2013 dy oficer\u00eb, dy ndihm\u00ebs [&hellip;]<\/p>\n","protected":false},"author":1,"featured_media":107472,"comment_status":"open","ping_status":"open","sticky":false,"template":"","format":"standard","meta":{"footnotes":""},"categories":[24],"tags":[3803],"class_list":["post-107473","post","type-post","status-publish","format-standard","has-post-thumbnail","hentry","category-bote","tag-aktuale"],"_links":{"self":[{"href":"https:\/\/prizrenpost.com\/al\/wp-json\/wp\/v2\/posts\/107473","targetHints":{"allow":["GET"]}}],"collection":[{"href":"https:\/\/prizrenpost.com\/al\/wp-json\/wp\/v2\/posts"}],"about":[{"href":"https:\/\/prizrenpost.com\/al\/wp-json\/wp\/v2\/types\/post"}],"author":[{"embeddable":true,"href":"https:\/\/prizrenpost.com\/al\/wp-json\/wp\/v2\/users\/1"}],"replies":[{"embeddable":true,"href":"https:\/\/prizrenpost.com\/al\/wp-json\/wp\/v2\/comments?post=107473"}],"version-history":[{"count":0,"href":"https:\/\/prizrenpost.com\/al\/wp-json\/wp\/v2\/posts\/107473\/revisions"}],"wp:featuredmedia":[{"embeddable":true,"href":"https:\/\/prizrenpost.com\/al\/wp-json\/wp\/v2\/media\/107472"}],"wp:attachment":[{"href":"https:\/\/prizrenpost.com\/al\/wp-json\/wp\/v2\/media?parent=107473"}],"wp:term":[{"taxonomy":"category","embeddable":true,"href":"https:\/\/prizrenpost.com\/al\/wp-json\/wp\/v2\/categories?post=107473"},{"taxonomy":"post_tag","embeddable":true,"href":"https:\/\/prizrenpost.com\/al\/wp-json\/wp\/v2\/tags?post=107473"}],"curies":[{"name":"wp","href":"https:\/\/api.w.org\/{rel}","templated":true}]}}