{"id":107475,"date":"2026-04-25T05:40:27","date_gmt":"2026-04-25T02:40:27","guid":{"rendered":"https:\/\/prizrenpost.com\/al\/kryediplomati-turk-izraeli-eshte-bere-kercenim-i-drejtperdrejte-per-sigurine-globale-nevojitet-reagim-kolektiv\/"},"modified":"2026-04-25T05:40:27","modified_gmt":"2026-04-25T02:40:27","slug":"kryediplomati-turk-izraeli-eshte-bere-kercenim-i-drejtperdrejte-per-sigurine-globale-nevojitet-reagim-kolektiv","status":"publish","type":"post","link":"https:\/\/prizrenpost.com\/al\/kryediplomati-turk-izraeli-eshte-bere-kercenim-i-drejtperdrejte-per-sigurine-globale-nevojitet-reagim-kolektiv\/","title":{"rendered":"Kryediplomati turk: Izraeli \u00ebsht\u00eb b\u00ebr\u00eb \u201ck\u00ebrc\u00ebnim i drejtp\u00ebrdrejt\u00eb p\u00ebr sigurin\u00eb globale\u201d, nevojitet \u201creagim kolektiv\u201d"},"content":{"rendered":"<figure class=\"post-featured-image\"><img decoding=\"async\" src=\"https:\/\/prizrenpost.com\/al\/wp-content\/uploads\/2026\/04\/thumbs_b_c_761c00de3f9bc6bc6807f1f929bbaa62.jpg\" alt=\"Kryediplomati turk: Izraeli \u00ebsht\u00eb b\u00ebr\u00eb \u201ck\u00ebrc\u00ebnim i drejtp\u00ebrdrejt\u00eb p\u00ebr sigurin\u00eb globale\u201d, nevojitet \u201creagim kolektiv\u201d\"\/><\/figure>\n<p>Ministri i Jasht\u00ebm turk Hakan Fidan tha se Izraeli \u00ebsht\u00eb b\u00ebr\u00eb \u201ck\u00ebrc\u00ebnim i drejtp\u00ebrdrejt\u00eb p\u00ebr sigurin\u00eb globale\u201d dhe b\u00ebri thirrje p\u00ebr nj\u00eb reagim nd\u00ebrkomb\u00ebtar \u201ckolektiv\u201d, duke theksuar se paq\u00ebndrueshm\u00ebria n\u00eb rritje nuk mund t\u00eb shihet m\u00eb vet\u00ebm p\u00ebrmes nj\u00eb k\u00ebndv\u00ebshtrimi rajonal, raporton Anadolu.<\/p>\n<p>Duke folur n\u00eb Universitetin e Oksfordit mbi riorganizimin global, Fidan tha se bota po p\u00ebrjeton jo thjesht nj\u00eb tranzicion gjeopolitik, por nj\u00eb transformim m\u00eb t\u00eb thell\u00eb.<\/p>\n<p>\u201cAjo q\u00eb po d\u00ebshmojm\u00eb sot nuk \u00ebsht\u00eb nj\u00eb tranzicion, por m\u00eb tep\u00ebr nj\u00eb transformim\u201d, tha ai, duke shtuar se shtetet nuk mund t\u00eb \u201cdelegojn\u00eb m\u00eb sigurin\u00eb, diplomacin\u00eb apo imagjinat\u00ebn e tyre strategjike\u201d.<\/p>\n<p>Duke iu referuar luft\u00ebs me Iranin, e cila filloi me sulmet e SHBA-s\u00eb dhe Izraelit, Fidan tha se konflikti i dha \u201cnj\u00eb goditje t\u00eb r\u00ebnd\u00eb prosperitetit, siguris\u00eb dhe stabilitetit global\u201d.<\/p>\n<p>\u201cK\u00ebrc\u00ebnimi sistematik i Izraelit p\u00ebr t\u00eb destabilizuar rajonin ka tejkaluar kufijt\u00eb lokal\u00eb dhe tani p\u00ebrb\u00ebn k\u00ebrc\u00ebnim t\u00eb drejtp\u00ebrdrejt\u00eb p\u00ebr sigurin\u00eb globale\u201d, tha ai, duke shtuar se veprime t\u00eb tilla \u201ck\u00ebrkojn\u00eb nj\u00eb reagim kolektiv nga i gjith\u00eb komuniteti nd\u00ebrkomb\u00ebtar\u201d.<\/p>\n<p>Fidan gjithashtu tha se \u201cdallimi midis krizave rajonale dhe globale \u00ebsht\u00eb zhdukur v\u00ebrtet\u201d, duke n\u00ebnvizuar se konfliktet nuk mund t\u00eb trajtohen m\u00eb si t\u00eb izoluara.<\/p>\n<p>Ai deklaroi se nj\u00eb pasiguri e till\u00eb ka rritur r\u00ebnd\u00ebsin\u00eb e fuqive t\u00eb mesme, duke i p\u00ebrshkruar ato si shtete me \u201cgjeografi strategjike\u201d, shtrirje diplomatike dhe vullnet politik p\u00ebr t\u00eb prodhuar rezultate.<\/p>\n<p>Fidan vuri theksin mbi pozit\u00ebn gjeografike t\u00eb Turqis\u00eb, shtrirjen institucionale si an\u00ebtare e NATO-s dhe kandidate p\u00ebr n\u00eb BE, si dhe p\u00ebrpjekjet nd\u00ebrmjet\u00ebsuese \u2013 nga nisma p\u00ebr drithin n\u00eb Detin e Zi deri te diplomacia n\u00eb Bririn e Afrik\u00ebs \u2013 si shembuj t\u00eb rolit t\u00eb Ankaras\u00eb n\u00eb menaxhimin e krizave.<\/p>\n<p>Ai gjithashtu b\u00ebri thirrje p\u00ebr reforma institucionale globale dhe p\u00ebr nj\u00eb rend rajonal n\u00eb Lindjen e Mesme t\u00eb bazuar n\u00eb bashk\u00ebpunim dhe jo n\u00eb \u201cdominim apo n\u00ebnshtrim\u201d, duke mb\u00ebshtetur \u201czgjidhje rajonale p\u00ebr probleme rajonale nga vendet e rajonit\u201d.<\/p>\n<hr style=\"margin:30px 0\"\/>\n<p style=\"font-size:13px;color:#666\">Burimi: <strong>mesazhi<\/strong><\/p>\n","protected":false},"excerpt":{"rendered":"<p>Ministri i Jasht\u00ebm turk Hakan Fidan tha se Izraeli \u00ebsht\u00eb b\u00ebr\u00eb \u201ck\u00ebrc\u00ebnim i drejtp\u00ebrdrejt\u00eb p\u00ebr sigurin\u00eb globale\u201d dhe b\u00ebri thirrje p\u00ebr nj\u00eb reagim nd\u00ebrkomb\u00ebtar \u201ckolektiv\u201d, duke theksuar se paq\u00ebndrueshm\u00ebria n\u00eb rritje nuk mund t\u00eb shihet m\u00eb vet\u00ebm p\u00ebrmes nj\u00eb k\u00ebndv\u00ebshtrimi rajonal, raporton Anadolu. Duke folur n\u00eb Universitetin e Oksfordit mbi riorganizimin global, Fidan tha se [&hellip;]<\/p>\n","protected":false},"author":1,"featured_media":107474,"comment_status":"open","ping_status":"open","sticky":false,"template":"","format":"standard","meta":{"footnotes":""},"categories":[24],"tags":[3803],"class_list":["post-107475","post","type-post","status-publish","format-standard","has-post-thumbnail","hentry","category-bote","tag-aktuale"],"_links":{"self":[{"href":"https:\/\/prizrenpost.com\/al\/wp-json\/wp\/v2\/posts\/107475","targetHints":{"allow":["GET"]}}],"collection":[{"href":"https:\/\/prizrenpost.com\/al\/wp-json\/wp\/v2\/posts"}],"about":[{"href":"https:\/\/prizrenpost.com\/al\/wp-json\/wp\/v2\/types\/post"}],"author":[{"embeddable":true,"href":"https:\/\/prizrenpost.com\/al\/wp-json\/wp\/v2\/users\/1"}],"replies":[{"embeddable":true,"href":"https:\/\/prizrenpost.com\/al\/wp-json\/wp\/v2\/comments?post=107475"}],"version-history":[{"count":0,"href":"https:\/\/prizrenpost.com\/al\/wp-json\/wp\/v2\/posts\/107475\/revisions"}],"wp:featuredmedia":[{"embeddable":true,"href":"https:\/\/prizrenpost.com\/al\/wp-json\/wp\/v2\/media\/107474"}],"wp:attachment":[{"href":"https:\/\/prizrenpost.com\/al\/wp-json\/wp\/v2\/media?parent=107475"}],"wp:term":[{"taxonomy":"category","embeddable":true,"href":"https:\/\/prizrenpost.com\/al\/wp-json\/wp\/v2\/categories?post=107475"},{"taxonomy":"post_tag","embeddable":true,"href":"https:\/\/prizrenpost.com\/al\/wp-json\/wp\/v2\/tags?post=107475"}],"curies":[{"name":"wp","href":"https:\/\/api.w.org\/{rel}","templated":true}]}}