{"id":107477,"date":"2026-04-25T05:40:35","date_gmt":"2026-04-25T02:40:35","guid":{"rendered":"https:\/\/prizrenpost.com\/al\/cnn-trump-dergon-negociatoret-witkoff-dhe-kushner-ne-pakistan-per-bisedime-me-kryediplomatin-iranian\/"},"modified":"2026-04-25T05:40:35","modified_gmt":"2026-04-25T02:40:35","slug":"cnn-trump-dergon-negociatoret-witkoff-dhe-kushner-ne-pakistan-per-bisedime-me-kryediplomatin-iranian","status":"publish","type":"post","link":"https:\/\/prizrenpost.com\/al\/cnn-trump-dergon-negociatoret-witkoff-dhe-kushner-ne-pakistan-per-bisedime-me-kryediplomatin-iranian\/","title":{"rendered":"CNN: Trump d\u00ebrgon negociator\u00ebt Witkoff dhe Kushner n\u00eb Pakistan p\u00ebr bisedime me kryediplomatin iranian"},"content":{"rendered":"<figure class=\"post-featured-image\"><img decoding=\"async\" src=\"https:\/\/prizrenpost.com\/al\/wp-content\/uploads\/2026\/04\/thumbs_b_c_94b5969aaee5a9bc5cd8f184ac716f35.jpg\" alt=\"CNN: Trump d\u00ebrgon negociator\u00ebt Witkoff dhe Kushner n\u00eb Pakistan p\u00ebr bisedime me kryediplomatin iranian\"\/><\/figure>\n<p>Presidenti i SHBA-s\u00eb, Donald Trump, do t\u00eb nis\u00eb t\u00eb d\u00ebrguarin e tij t\u00eb posa\u00e7\u00ebm, Steve Witkoff, dhe k\u00ebshilltarin Jared Kushner n\u00eb Pakistan p\u00ebr bisedime me ministrin e Jasht\u00ebm iranian Abbas Araghchi, sipas nj\u00eb lajmi t\u00eb publikuar t\u00eb premten, transmeton Anadolu.<\/p>\n<p>Bisedimet pritet t\u00eb fillojn\u00eb k\u00ebt\u00eb fundjav\u00eb, raportoi CNN, duke cituar dy zyrtar\u00eb amerikan\u00eb anonim\u00eb. N\u00eb to nuk do t\u00eb marr\u00eb pjes\u00eb n\u00ebnpresidenti JD Vance, pasi kryetari i Parlamentit iranian Mohammad Bagher Ghalibaf, t\u00eb cilin administrata Trump e konsideron si homologun e tij, nuk do t\u00eb jet\u00eb i pranish\u00ebm, tha CNN.<\/p>\n<p>Megjithat\u00eb, Vance do t\u00eb jet\u00eb i gatsh\u00ebm t\u00eb udh\u00ebtoj\u00eb n\u00eb Islamabad n\u00ebse bisedimet marrin mjaftuesh\u00ebm vrull, kan\u00eb th\u00ebn\u00eb zyrtar\u00ebt. An\u00ebtar\u00eb t\u00eb stafit t\u00eb tij do t\u00eb jen\u00eb pjes\u00eb e delegacionit amerikan gjat\u00eb bisedimeve.<\/p>\n<p>Araghchi pritet t\u00eb filloj\u00eb t\u00eb premten n\u00eb mbr\u00ebmje nj\u00eb turne rajonal q\u00eb nis n\u00eb Pakistan, p\u00ebr t\u00eb vazhduar m\u00eb pas n\u00eb Oman dhe Rusi.<\/p>\n<p>\u201cQ\u00ebllimi i vizitave t\u00eb mia \u00ebsht\u00eb t\u00eb koordinohem nga af\u00ebr me partner\u00ebt tan\u00eb p\u00ebr \u00e7\u00ebshtje bilaterale dhe t\u00eb konsultohem mbi zhvillimet rajonale. Fqinj\u00ebt tan\u00eb jan\u00eb prioriteti yn\u00eb\u201d, shkroi ai n\u00eb platform\u00ebn X.<\/p>\n<p>Para k\u00ebtij njoftimi, Teherani dhe Islamabadi ishin t\u00eb angazhuar n\u00eb diplomaci intensive. Araghchi zhvilloi nj\u00eb bised\u00eb telefonike me ministrin e Jasht\u00ebm t\u00eb Pakistanit Ishaq Dar, duke diskutuar zhvillimet rajonale, arm\u00ebpushimin dhe p\u00ebrpjekjet diplomatike n\u00eb vazhdim, sipas zyrtar\u00ebve pakistanez\u00eb.<\/p>\n<p>Ai gjithashtu zhvilloi bisedime t\u00eb ve\u00e7anta me shefin e ushtris\u00eb s\u00eb Pakistanit, Asim Munir, megjith\u00ebse nuk u dhan\u00eb detaje. Bazuar n\u00eb k\u00ebto kontakte, burime qeveritare pakistaneze than\u00eb p\u00ebr Anadolu se Araghchi pritet t\u00eb mb\u00ebrrij\u00eb n\u00eb Islamabad t\u00eb premten.<\/p>\n<p>Pakistani po rrit p\u00ebrpjekjet p\u00ebr t\u00eb ringjallur nj\u00eb raund t\u00eb dyt\u00eb bisedimesh mes Iranit dhe SHBA-s\u00eb. Burimet than\u00eb se diskutimet me Teheranin mund t\u00eb hapin rrug\u00ebn p\u00ebr negociata t\u00eb reja pas raundit t\u00eb par\u00eb t\u00eb bisedimeve direkte t\u00eb mbajtura n\u00eb Islamabad m\u00eb 11\u201312 prill.<\/p>\n<p>K\u00ebto bisedime erdh\u00ebn pas nd\u00ebrmjet\u00ebsimit t\u00eb Pakistanit p\u00ebr nj\u00eb arm\u00ebpushim dyjavor m\u00eb 8 prill, i cili m\u00eb von\u00eb u zgjat nga Trump pa nj\u00eb afat t\u00eb caktuar. Zhvillimet vijn\u00eb n\u00eb mes t\u00eb tensioneve t\u00eb vazhdueshme q\u00eb nga shp\u00ebrthimi i luft\u00ebs m\u00eb 28 shkurt, me p\u00ebrpjekje t\u00eb fokusuara n\u00eb arritjen e nj\u00eb marr\u00ebveshjeje m\u00eb t\u00eb gjer\u00eb p\u00ebr t\u2019u dh\u00ebn\u00eb fund armiq\u00ebsive.<\/p>\n<hr style=\"margin:30px 0\"\/>\n<p style=\"font-size:13px;color:#666\">Burimi: <strong>mesazhi<\/strong><\/p>\n","protected":false},"excerpt":{"rendered":"<p>Presidenti i SHBA-s\u00eb, Donald Trump, do t\u00eb nis\u00eb t\u00eb d\u00ebrguarin e tij t\u00eb posa\u00e7\u00ebm, Steve Witkoff, dhe k\u00ebshilltarin Jared Kushner n\u00eb Pakistan p\u00ebr bisedime me ministrin e Jasht\u00ebm iranian Abbas Araghchi, sipas nj\u00eb lajmi t\u00eb publikuar t\u00eb premten, transmeton Anadolu. Bisedimet pritet t\u00eb fillojn\u00eb k\u00ebt\u00eb fundjav\u00eb, raportoi CNN, duke cituar dy zyrtar\u00eb amerikan\u00eb anonim\u00eb. N\u00eb [&hellip;]<\/p>\n","protected":false},"author":1,"featured_media":107476,"comment_status":"open","ping_status":"open","sticky":false,"template":"","format":"standard","meta":{"footnotes":""},"categories":[24],"tags":[3803],"class_list":["post-107477","post","type-post","status-publish","format-standard","has-post-thumbnail","hentry","category-bote","tag-aktuale"],"_links":{"self":[{"href":"https:\/\/prizrenpost.com\/al\/wp-json\/wp\/v2\/posts\/107477","targetHints":{"allow":["GET"]}}],"collection":[{"href":"https:\/\/prizrenpost.com\/al\/wp-json\/wp\/v2\/posts"}],"about":[{"href":"https:\/\/prizrenpost.com\/al\/wp-json\/wp\/v2\/types\/post"}],"author":[{"embeddable":true,"href":"https:\/\/prizrenpost.com\/al\/wp-json\/wp\/v2\/users\/1"}],"replies":[{"embeddable":true,"href":"https:\/\/prizrenpost.com\/al\/wp-json\/wp\/v2\/comments?post=107477"}],"version-history":[{"count":0,"href":"https:\/\/prizrenpost.com\/al\/wp-json\/wp\/v2\/posts\/107477\/revisions"}],"wp:featuredmedia":[{"embeddable":true,"href":"https:\/\/prizrenpost.com\/al\/wp-json\/wp\/v2\/media\/107476"}],"wp:attachment":[{"href":"https:\/\/prizrenpost.com\/al\/wp-json\/wp\/v2\/media?parent=107477"}],"wp:term":[{"taxonomy":"category","embeddable":true,"href":"https:\/\/prizrenpost.com\/al\/wp-json\/wp\/v2\/categories?post=107477"},{"taxonomy":"post_tag","embeddable":true,"href":"https:\/\/prizrenpost.com\/al\/wp-json\/wp\/v2\/tags?post=107477"}],"curies":[{"name":"wp","href":"https:\/\/api.w.org\/{rel}","templated":true}]}}