{"id":107510,"date":"2026-04-25T06:50:27","date_gmt":"2026-04-25T03:50:27","guid":{"rendered":"https:\/\/prizrenpost.com\/al\/investimet-ne-kardiologji-1-5-milion-euro-rriten-kapacitetet-shendetesore\/"},"modified":"2026-04-25T06:50:27","modified_gmt":"2026-04-25T03:50:27","slug":"investimet-ne-kardiologji-1-5-milion-euro-rriten-kapacitetet-shendetesore","status":"publish","type":"post","link":"https:\/\/prizrenpost.com\/al\/investimet-ne-kardiologji-1-5-milion-euro-rriten-kapacitetet-shendetesore\/","title":{"rendered":"\u200bInvestimet n\u00eb Kardiologji 1.5 milion euro, rriten kapacitetet sh\u00ebndet\u00ebsore"},"content":{"rendered":"<figure class=\"post-featured-image\"><img decoding=\"async\" src=\"https:\/\/prizrenpost.com\/al\/wp-content\/uploads\/2026\/01\/prizrenpostog-og.jpg\" alt=\"\u200bInvestimet n\u00eb Kardiologji 1.5 milion euro, rriten kapacitetet sh\u00ebndet\u00ebsore\"\/><\/figure>\n<p>N\u00eb Klinik\u00ebn e Kardiologjis\u00eb pran\u00eb Qendr\u00ebs Klinike Universitare t\u00eb Kosov\u00ebs sot \u00ebsht\u00eb p\u00ebruruar transformimi n\u00eb vler\u00ebn 1.5 milion\u00eb euro investim do t\u00eb p\u00ebrmir\u00ebsojn\u00eb kushtet e trajtimit p\u00ebr pacient\u00ebt sidomos n\u00eb aspektin e diagnostikimit.<\/p>\n<p>N\u00eb p\u00ebrurim t\u00eb k\u00ebtyre renovimeve mori pjes\u00eb edhe kryeministri, Albin Kurti i cili tha se ky investim prek drejtp\u00ebrdrejt\u00eb jet\u00ebn dhe sh\u00ebndetin e qytetar\u00ebve, raporton KosovaPress.<\/p>\n<p>Sipas tij me ndryshimet e b\u00ebra do t\u00eb zvog\u00eblohet edhe lista e pritjes n\u00eb Klinik\u00ebn e Kardiologjis\u00eb.<\/p>\n<p>\u201cInvestimi arrin vler\u00ebn prej 1.5 milion euro, nd\u00ebrkaq kapacitetet e trajtimit do t\u00eb rriten ndjesh\u00ebm. Nga mbi 4,000 nd\u00ebrhyrje n\u00eb vit si\u00e7 ka qen\u00eb deri m\u00eb tani, synimet jan\u00eb q\u00eb t\u00eb arrihet kapaciteti deri n\u00eb 8,000 nd\u00ebrhyrje n\u00eb vit.. p\u00ebrve\u00e7 k\u00ebsaj do t\u00eb zvog\u00eblohen edhe listat e pritjes investimi p\u00ebrfshin\u00eb e he investimet t\u00eb r\u00ebnd\u00ebsishme infrastrukturore\u201d, tha ai.<\/p>\n<p>E ministri i Sh\u00ebndet\u00ebsis\u00eb, Arben Vitia tha se me k\u00ebto investime Klinik\u00ebs s\u00eb Kardiologjis\u00eb po i jepet v\u00ebmendje e duhur.<\/p>\n<p>Sipas tij ky renovim do t\u00eb rris mund\u00ebsit\u00eb p\u00ebr m\u00eb shum\u00eb diagnostikime dhe kushte m\u00eb t\u00eb mira p\u00ebr pacient\u00ebt dhe personelin sh\u00ebndet\u00ebsor.<\/p>\n<p>\u201cPara disa muajsh kur ka filluar renovimi i k\u00ebsaj pjese q\u00eb e pat\u00eb, tani ka mbaruar. Kemi filluar me renovimin e nj\u00ebsis\u00eb gjysm\u00eb-intensive, e cila po ashtu do t\u00eb mbaroj\u00eb gjat\u00eb k\u00ebtij viti, p\u00ebr t\u00eb vazhduar pastaj edhe me katin e dyt\u00eb ku gjenden pacient\u00ebt kronik\u00eb t\u00eb kardiologjis\u00eb dhe n\u00eb k\u00ebt\u00eb m\u00ebnyr\u00eb po japim v\u00ebmendjen e duhur nj\u00eb nga klinikave m\u00eb t\u00eb r\u00ebnd\u00ebsishme n\u00eb sistemin ton\u00eb sh\u00ebndet\u00ebsor, Klinik\u00ebs s\u00eb Kardiologjis\u00eb, pasi q\u00eb pjesa m\u00eb e madhe e s\u00ebmundshm\u00ebris\u00eb dhe vdekshm\u00ebris\u00eb s\u00eb pacient\u00ebve n\u00eb Kosov\u00eb, ashtu si edhe n\u00eb bot\u00eb, \u00ebsht\u00eb nga s\u00ebmundjet kardiovaskulare\u2026pas renovimit kjo klinik do t\u00eb ket\u00eb kushte optimale p\u00ebr pacient\u00ebt duke shtuar numrin e atyre q\u00eb diagnostikohen dhe trajtohen n\u00eb k\u00ebt\u00eb klinik duke p\u00ebrmir\u00ebsuar kushtet e trajtimit n\u00eb k\u00ebt\u00eb klinik e mbi t\u00eb gjitha duke p\u00ebrmir\u00ebsuar kushtet e mjek\u00ebve\u201d, tha ai.<\/p>\n<p>Ambasadorin e Luksemburgut n\u00eb Kosov\u00eb, Eric Dietz tha se investimet e tilla po shp\u00ebtojn\u00eb jet\u00eb.<\/p>\n<p>\u201cBesoj se inaugurimi i k\u00ebtij Card Lab do t\u00eb sh\u00ebnoj\u00eb nj\u00eb hap t\u00eb r\u00ebnd\u00ebsish\u00ebm p\u00ebrpara n\u00eb ofrimin e sh\u00ebrbimeve sh\u00ebndet\u00ebsore cil\u00ebsore k\u00ebtu n\u00eb Kosov\u00eb. Problemi ishte i njohur. S\u00ebmundjet kardiovaskulare p\u00ebrb\u00ebjn\u00eb 35% t\u00eb vdekjeve n\u00eb bot\u00eb dhe n\u00eb Kosov\u00eb \u00ebsht\u00eb shum\u00eb e ngjashme. Ne e dim\u00eb se n\u00eb t\u00eb kaluar\u00ebn kishte lista t\u00eb gjata pritjeje k\u00ebtu p\u00ebr t\u00eb marr\u00eb kujdesin e duhur sh\u00ebndet\u00ebsor, prandaj Luksemburgu reagoi shpejt. Ne ishim k\u00ebtu s\u00eb bashku me kryeministrin n\u00eb gusht kur filluam renovimin e spitalit, dhe do t\u00eb doja t\u00eb p\u00ebrg\u00ebzoj Agjencin\u00eb e Zhvillimit t\u00eb Luksemburgut, LuxDev, p\u00ebr k\u00ebt\u00eb performanc\u00eb. Renovimi \u00ebsht\u00eb p\u00ebrfunduar n\u00eb n\u00ebntor dhe q\u00eb nga ajo koh\u00eb jan\u00eb trajtuar tashm\u00eb 1,000 pacient\u00eb, k\u00ebshtu q\u00eb k\u00ebto investime realisht po shp\u00ebtojn\u00eb jet\u00eb\u201d, tha ai.<\/p>\n<p>Edhe sot \u00ebsht\u00eb raportuar nj\u00eb rast n\u00eb QKUK q\u00eb nj\u00eb familjar i nj\u00eb pacienti \u00ebsht\u00eb sulmuar nga qent\u00eb endacak e kryeministri Kurti tha se jan\u00eb duke u marr masat n\u00eb k\u00ebt\u00eb drejtim.<\/p>\n<p>\u201cJan\u00eb duke u nd\u00ebrmarr\u00eb masat p\u00ebr k\u00ebt\u00eb dhe kemi persona p\u00ebrgjegj\u00ebs e procese p\u00ebr k\u00ebt\u00eb \u00e7\u00ebshtje edhe nga Komuna e Prishtin\u00ebs por n\u00eb t\u00eb nj\u00ebjt\u00ebn koh\u00eb jan\u00eb drejtor\u00eb e klinikave dhe drejtori i QKUK-s\u00eb q\u00eb mund t\u00eb jap p\u00ebrgjigje p\u00ebr k\u00ebto gj\u00ebra besoni un\u00eb jam vet\u00ebm kryeminist\u00ebr i Kosov\u00ebs nuk jam edhe drejtori i QKUK dhe i secil\u00ebs klinik t\u00eb saj\u201d, deklaroi ai.<\/p>\n<p>Jav\u00eb m\u00eb par\u00eb Klinika e Kardiologjis\u00eb \u00ebsht\u00eb p\u00ebrballuar me munges\u00eb t\u00eb stendave p\u00ebr pacient\u00ebt n\u00eb k\u00ebt\u00eb klinik\u00eb.<\/p>\n<hr style=\"margin:30px 0\"\/>\n<p style=\"font-size:13px;color:#666\">Burimi: <strong>mesazhi<\/strong><\/p>\n","protected":false},"excerpt":{"rendered":"<p>N\u00eb Klinik\u00ebn e Kardiologjis\u00eb pran\u00eb Qendr\u00ebs Klinike Universitare t\u00eb Kosov\u00ebs sot \u00ebsht\u00eb p\u00ebruruar transformimi n\u00eb vler\u00ebn 1.5 milion\u00eb euro investim do t\u00eb p\u00ebrmir\u00ebsojn\u00eb kushtet e trajtimit p\u00ebr pacient\u00ebt sidomos n\u00eb aspektin e diagnostikimit. N\u00eb p\u00ebrurim t\u00eb k\u00ebtyre renovimeve mori pjes\u00eb edhe kryeministri, Albin Kurti i cili tha se ky investim prek drejtp\u00ebrdrejt\u00eb jet\u00ebn dhe sh\u00ebndetin [&hellip;]<\/p>\n","protected":false},"author":1,"featured_media":94304,"comment_status":"open","ping_status":"open","sticky":false,"template":"","format":"standard","meta":{"footnotes":""},"categories":[5],"tags":[],"class_list":["post-107510","post","type-post","status-publish","format-standard","has-post-thumbnail","hentry","category-shendetesi"],"_links":{"self":[{"href":"https:\/\/prizrenpost.com\/al\/wp-json\/wp\/v2\/posts\/107510","targetHints":{"allow":["GET"]}}],"collection":[{"href":"https:\/\/prizrenpost.com\/al\/wp-json\/wp\/v2\/posts"}],"about":[{"href":"https:\/\/prizrenpost.com\/al\/wp-json\/wp\/v2\/types\/post"}],"author":[{"embeddable":true,"href":"https:\/\/prizrenpost.com\/al\/wp-json\/wp\/v2\/users\/1"}],"replies":[{"embeddable":true,"href":"https:\/\/prizrenpost.com\/al\/wp-json\/wp\/v2\/comments?post=107510"}],"version-history":[{"count":0,"href":"https:\/\/prizrenpost.com\/al\/wp-json\/wp\/v2\/posts\/107510\/revisions"}],"wp:featuredmedia":[{"embeddable":true,"href":"https:\/\/prizrenpost.com\/al\/wp-json\/wp\/v2\/media\/94304"}],"wp:attachment":[{"href":"https:\/\/prizrenpost.com\/al\/wp-json\/wp\/v2\/media?parent=107510"}],"wp:term":[{"taxonomy":"category","embeddable":true,"href":"https:\/\/prizrenpost.com\/al\/wp-json\/wp\/v2\/categories?post=107510"},{"taxonomy":"post_tag","embeddable":true,"href":"https:\/\/prizrenpost.com\/al\/wp-json\/wp\/v2\/tags?post=107510"}],"curies":[{"name":"wp","href":"https:\/\/api.w.org\/{rel}","templated":true}]}}