{"id":107652,"date":"2026-04-26T07:55:12","date_gmt":"2026-04-26T04:55:12","guid":{"rendered":"https:\/\/prizrenpost.com\/al\/arrestohet-kasapi-i-al-tadamonit-drejtesi-e-vonuar-per-viktimat-e-masakres\/"},"modified":"2026-04-26T07:55:12","modified_gmt":"2026-04-26T04:55:12","slug":"arrestohet-kasapi-i-al-tadamonit-drejtesi-e-vonuar-per-viktimat-e-masakres","status":"publish","type":"post","link":"https:\/\/prizrenpost.com\/al\/arrestohet-kasapi-i-al-tadamonit-drejtesi-e-vonuar-per-viktimat-e-masakres\/","title":{"rendered":"Arrestohet \u201cKasapi i al-Tadamonit\u201d, drejt\u00ebsi e vonuar p\u00ebr viktimat e masakr\u00ebs"},"content":{"rendered":"<figure class=\"post-featured-image\"><img decoding=\"async\" src=\"https:\/\/prizrenpost.com\/al\/wp-content\/uploads\/2026\/04\/Amjad-Youssef-1.jpg\" alt=\"Arrestohet \u201cKasapi i al-Tadamonit\u201d, drejt\u00ebsi e vonuar p\u00ebr viktimat e masakr\u00ebs\"\/><\/figure>\n<p>Forcat siriane t\u00eb siguris\u00eb kan\u00eb arrestuar Amjad Youssef, i njohur si \u201cKasapi i al-Tadamonit\u201d, i akuzuar si p\u00ebrgjegj\u00ebsi kryesor p\u00ebr masakr\u00ebn e vitit 2013 n\u00eb lagjen al-Tadamon n\u00eb Damascus.<\/p>\n<p>Sipas agjencis\u00eb SANA, arrestimi u krye t\u00eb premten dhe po konsiderohet si nj\u00eb zhvillim i r\u00ebnd\u00ebsish\u00ebm nga organizatat e t\u00eb drejtave t\u00eb njeriut dhe v\u00ebzhguesit lokal\u00eb, duke i dh\u00ebn\u00eb fund nj\u00eb pritjeje gati dhjet\u00ebvje\u00e7are p\u00ebr drejt\u00ebsi nga familjet e viktimave.<\/p>\n<p>Masakra, e dokumentuar p\u00ebrmes videove t\u00eb xhiruara nga vet\u00eb autor\u00ebt dhe e publikuar n\u00eb nj\u00eb hetim t\u00eb The Guardian n\u00eb vitin 2022, tregonte ekzekutimin brutal t\u00eb civil\u00ebve t\u00eb paarmatosur. Viktimat u detyruan t\u00eb marshonin drejt nj\u00eb grope t\u00eb djegur, ku m\u00eb pas u vran\u00eb. Sipas hetimeve, 41 persona humb\u00ebn jet\u00ebn n\u00eb k\u00ebt\u00eb krim.<\/p>\n<p>Youssef, ish-oficer n\u00eb inteligjenc\u00ebn ushtarake t\u00eb regjimit t\u00eb rr\u00ebzuar, tani ndodhet n\u00eb paraburgim dhe pritet t\u00eb p\u00ebrballet me drejt\u00ebsin\u00eb. Autoritetet kan\u00eb b\u00ebr\u00eb t\u00eb ditur se hetimet do t\u00eb vazhdojn\u00eb p\u00ebr t\u00eb identifikuar bashk\u00ebpun\u00ebtor\u00eb t\u00eb tjer\u00eb t\u00eb mundsh\u00ebm.<\/p>\n<p>Arrestimi shihet si nj\u00eb hap i r\u00ebnd\u00ebsish\u00ebm drejt zbardhjes s\u00eb s\u00eb v\u00ebrtet\u00ebs dhe mbajtjes p\u00ebrgjegj\u00ebs t\u00eb autor\u00ebve t\u00eb krimeve gjat\u00eb konfliktit n\u00eb Syria, edhe pse familjet e viktimave theksojn\u00eb se drejt\u00ebsia e vonuar nuk mund t\u00eb kompensoj\u00eb humbjet e tyre. \/mesazhi<\/p>\n<div class=\"youtube-embed\" data-video_id=\"\"><\/div>\n<hr style=\"margin:30px 0\"\/>\n<p style=\"font-size:13px;color:#666\">Burimi: <strong>mesazhi<\/strong><\/p>\n","protected":false},"excerpt":{"rendered":"<p>Forcat siriane t\u00eb siguris\u00eb kan\u00eb arrestuar Amjad Youssef, i njohur si \u201cKasapi i al-Tadamonit\u201d, i akuzuar si p\u00ebrgjegj\u00ebsi kryesor p\u00ebr masakr\u00ebn e vitit 2013 n\u00eb lagjen al-Tadamon n\u00eb Damascus. Sipas agjencis\u00eb SANA, arrestimi u krye t\u00eb premten dhe po konsiderohet si nj\u00eb zhvillim i r\u00ebnd\u00ebsish\u00ebm nga organizatat e t\u00eb drejtave t\u00eb njeriut dhe v\u00ebzhguesit lokal\u00eb, [&hellip;]<\/p>\n","protected":false},"author":1,"featured_media":107651,"comment_status":"open","ping_status":"open","sticky":false,"template":"","format":"standard","meta":{"footnotes":""},"categories":[24],"tags":[3803],"class_list":["post-107652","post","type-post","status-publish","format-standard","has-post-thumbnail","hentry","category-bote","tag-aktuale"],"_links":{"self":[{"href":"https:\/\/prizrenpost.com\/al\/wp-json\/wp\/v2\/posts\/107652","targetHints":{"allow":["GET"]}}],"collection":[{"href":"https:\/\/prizrenpost.com\/al\/wp-json\/wp\/v2\/posts"}],"about":[{"href":"https:\/\/prizrenpost.com\/al\/wp-json\/wp\/v2\/types\/post"}],"author":[{"embeddable":true,"href":"https:\/\/prizrenpost.com\/al\/wp-json\/wp\/v2\/users\/1"}],"replies":[{"embeddable":true,"href":"https:\/\/prizrenpost.com\/al\/wp-json\/wp\/v2\/comments?post=107652"}],"version-history":[{"count":0,"href":"https:\/\/prizrenpost.com\/al\/wp-json\/wp\/v2\/posts\/107652\/revisions"}],"wp:featuredmedia":[{"embeddable":true,"href":"https:\/\/prizrenpost.com\/al\/wp-json\/wp\/v2\/media\/107651"}],"wp:attachment":[{"href":"https:\/\/prizrenpost.com\/al\/wp-json\/wp\/v2\/media?parent=107652"}],"wp:term":[{"taxonomy":"category","embeddable":true,"href":"https:\/\/prizrenpost.com\/al\/wp-json\/wp\/v2\/categories?post=107652"},{"taxonomy":"post_tag","embeddable":true,"href":"https:\/\/prizrenpost.com\/al\/wp-json\/wp\/v2\/tags?post=107652"}],"curies":[{"name":"wp","href":"https:\/\/api.w.org\/{rel}","templated":true}]}}