{"id":107654,"date":"2026-04-26T08:25:12","date_gmt":"2026-04-26T05:25:12","guid":{"rendered":"https:\/\/prizrenpost.com\/al\/kriza-e-madhe-e-sigurise-irani-godet-tradhtaret-e-brendshem\/"},"modified":"2026-04-26T08:25:12","modified_gmt":"2026-04-26T05:25:12","slug":"kriza-e-madhe-e-sigurise-irani-godet-tradhtaret-e-brendshem","status":"publish","type":"post","link":"https:\/\/prizrenpost.com\/al\/kriza-e-madhe-e-sigurise-irani-godet-tradhtaret-e-brendshem\/","title":{"rendered":"Kriza e madhe e siguris\u00eb, Irani godet \u2018tradhtar\u00ebt\u2019 e brendsh\u00ebm"},"content":{"rendered":"<figure class=\"post-featured-image\"><img decoding=\"async\" src=\"https:\/\/prizrenpost.com\/al\/wp-content\/uploads\/2026\/04\/800-0-9a5e7f1ca3b8f949010b7423ceb271dd.jpg\" alt=\"Kriza e madhe e siguris\u00eb, Irani godet \u2018tradhtar\u00ebt\u2019 e brendsh\u00ebm\"\/><\/figure>\n<p>Kreu i drejt\u00ebsis\u00eb iraniane, Mohsen Ejei, ka deklaruar qart\u00eb se spiun\u00ebt dhe tradhtar\u00ebt do t\u00eb gjykohen sipas ligjit ushtarak, duke aplikuar masa q\u00eb ai i konsideron t\u00eb justifikuara nga faza e luft\u00ebs. Kjo \u00ebsht\u00eb shoq\u00ebruar me arrestime t\u00eb gjera dhe ekzekutime, si nj\u00eb mesazh i ashp\u00ebr dhe parandalues ndaj mospajtimit apo ndaj atyre q\u00eb dyshohet se kan\u00eb bashk\u00ebpunuar me boshtin SHBA-Izrael.<\/p>\n<p>S\u00eb fundmi, nj\u00eb vendim gjykate ka \u00e7uar n\u00eb ekzekutimin e Mehdi Farid, nj\u00eb an\u00ebtar i Agjencis\u00eb Komb\u00ebtare Atomike t\u00eb Iranit. Ai ishte arrestuar n\u00eb vitin 2023 dhe fillimisht ishte d\u00ebnuar me 10 vite burg, por m\u00eb pas d\u00ebnimi i tij u ndryshua n\u00eb ekzekutim. Sipas autoriteteve gjyq\u00ebsore, ai akuzohej p\u00ebr bashk\u00ebpunim me sh\u00ebrbimin sekret izraelit Mossad, duke ofruar informacione dhe duke infektuar sisteme digjitale.<\/p>\n<p>K\u00ebto jan\u00eb disa nga akuzat m\u00eb t\u00eb zakonshme ndaj personave t\u00eb arrestuar para dhe gjat\u00eb konfliktit.<\/p>\n<p>M\u00eb 20 prill, dy an\u00ebtar\u00eb t\u00eb Mujahedin-e Khalq, nj\u00eb grup opozitar i brendsh\u00ebm, u ekzekutuan. Nd\u00ebrkoh\u00eb, n\u00eb periudh\u00ebn gusht-tetor, u ekzekutuan edhe nj\u00eb teknik dhe nj\u00eb shkenc\u00ebtar i sektorit b\u00ebrthamor, t\u00eb dyshuar p\u00ebr bashk\u00ebpunim me \u201carmikun\u201d.<\/p>\n<p>Sipas autoriteteve, k\u00ebto ekzekutime dhe arrestime lidhen me kund\u00ebrp\u00ebrgjigjen ndaj infiltrimeve t\u00eb inteligjencave rivale. Gjat\u00eb kriz\u00ebs s\u00eb qershorit dhe operacionit \u201cEpic Fury\u201d, sh\u00ebrbime t\u00eb huaja, p\u00ebrfshir\u00eb ato izraelite dhe amerikane, thuhet se kan\u00eb arritur t\u00eb dep\u00ebrtojn\u00eb n\u00eb nivele t\u00eb larta t\u00eb sistemit iranian. Eliminimi i shkenc\u00ebtar\u00ebve t\u00eb lidhur me programet k\u00ebrkimore dhe vrasja e disa figurave ushtarake jan\u00eb konsideruar goditje serioze p\u00ebr regjimin, por jo vendimtare.<\/p>\n<p>P\u00ebr k\u00ebt\u00eb arsye, aparatet e siguris\u00eb kan\u00eb intensifikuar ndjekjen e t\u00eb dyshuarve p\u00ebr infiltrime, duke k\u00ebrkuar bashk\u00ebpun\u00ebtor\u00eb t\u00eb sh\u00ebrbimeve t\u00eb huaja dhe duke rritur mbrojtjen e objekteve strategjike.<\/p>\n<p>Sipas analiz\u00ebs s\u00eb autoriteteve, kjo linj\u00eb e ashp\u00ebr nuk sh\u00ebrben vet\u00ebm si kund\u00ebrp\u00ebrgjigje, por edhe p\u00ebr t\u00eb frenuar kritikat e brendshme. N\u00eb t\u00eb kaluar\u00ebn, vrasje t\u00eb synuara si ajo e shkenc\u00ebtarit t\u00eb njohur Mohsen Fakhrizadeh kishin shkaktuar debate mbi d\u00ebshtimet e siguris\u00eb dhe dep\u00ebrtimin e Mossad-it n\u00eb strukturat iraniane.<\/p>\n<p>Nj\u00eb front tjet\u00ebr i represionit ka qen\u00eb opozita e brendshme, ku p\u00ebrfshihen si protestues t\u00eb paorganizuar ashtu edhe grupe politike. Gjykatat kan\u00eb ndjekur persona t\u00eb p\u00ebrfshir\u00eb n\u00eb protestat e dimrit t\u00eb kaluar, t\u00eb cil\u00ebt jan\u00eb akuzuar p\u00ebr dhun\u00eb dhe sulme ndaj institucioneve shtet\u00ebrore. Po ashtu, ka pasur fushata t\u00eb forta kund\u00ebr minoriteteve etnike, si kurd\u00ebt dhe arab\u00ebt, t\u00eb dyshuar si bashk\u00ebpun\u00ebtor\u00eb t\u00eb sh\u00ebrbimeve t\u00eb huaja.<\/p>\n<p>S\u00eb fundmi, agjencia Fars njoftoi shkat\u00ebrrimin e nj\u00eb rrjeti n\u00eb provincat e Kurdistanit dhe Kermanshahut, me arrestimin e mbi 250 personave t\u00eb cil\u00ebsuar si \u201ckund\u00ebrrevolucionar\u00eb\u201d, t\u00eb dyshuar p\u00ebr plane veprimi me mb\u00ebshtetje t\u00eb SHBA-ve dhe Izraelit. Operacione t\u00eb ngjashme jan\u00eb zhvilluar edhe n\u00eb rajonin e Khuzestanit, ku veprojn\u00eb grupe separatiste arabe.<\/p>\n<p>Sipas raportimeve, kjo val\u00eb represioni sh\u00ebrben nj\u00ebkoh\u00ebsisht si paralajm\u00ebrim, nd\u00ebshkim p\u00ebr rebelimet dhe p\u00ebrpjekje p\u00ebr t\u00eb mbyllur \u00e7do hap\u00ebsir\u00eb p\u00ebr protesta t\u00eb reja, n\u00eb nj\u00eb Iran q\u00eb ndodhet n\u00ebn presion t\u00eb madh t\u00eb brendsh\u00ebm dhe t\u00eb jasht\u00ebm, nd\u00ebrsa vet\u00eb udh\u00ebheqja e tij mbetet e ndar\u00eb n\u00eb q\u00ebndrime.<\/p>\n<hr style=\"margin:30px 0\"\/>\n<p style=\"font-size:13px;color:#666\">Burimi: <strong>mesazhi<\/strong><\/p>\n","protected":false},"excerpt":{"rendered":"<p>Kreu i drejt\u00ebsis\u00eb iraniane, Mohsen Ejei, ka deklaruar qart\u00eb se spiun\u00ebt dhe tradhtar\u00ebt do t\u00eb gjykohen sipas ligjit ushtarak, duke aplikuar masa q\u00eb ai i konsideron t\u00eb justifikuara nga faza e luft\u00ebs. Kjo \u00ebsht\u00eb shoq\u00ebruar me arrestime t\u00eb gjera dhe ekzekutime, si nj\u00eb mesazh i ashp\u00ebr dhe parandalues ndaj mospajtimit apo ndaj atyre q\u00eb dyshohet [&hellip;]<\/p>\n","protected":false},"author":1,"featured_media":107653,"comment_status":"open","ping_status":"open","sticky":false,"template":"","format":"standard","meta":{"footnotes":""},"categories":[24],"tags":[3803],"class_list":["post-107654","post","type-post","status-publish","format-standard","has-post-thumbnail","hentry","category-bote","tag-aktuale"],"_links":{"self":[{"href":"https:\/\/prizrenpost.com\/al\/wp-json\/wp\/v2\/posts\/107654","targetHints":{"allow":["GET"]}}],"collection":[{"href":"https:\/\/prizrenpost.com\/al\/wp-json\/wp\/v2\/posts"}],"about":[{"href":"https:\/\/prizrenpost.com\/al\/wp-json\/wp\/v2\/types\/post"}],"author":[{"embeddable":true,"href":"https:\/\/prizrenpost.com\/al\/wp-json\/wp\/v2\/users\/1"}],"replies":[{"embeddable":true,"href":"https:\/\/prizrenpost.com\/al\/wp-json\/wp\/v2\/comments?post=107654"}],"version-history":[{"count":0,"href":"https:\/\/prizrenpost.com\/al\/wp-json\/wp\/v2\/posts\/107654\/revisions"}],"wp:featuredmedia":[{"embeddable":true,"href":"https:\/\/prizrenpost.com\/al\/wp-json\/wp\/v2\/media\/107653"}],"wp:attachment":[{"href":"https:\/\/prizrenpost.com\/al\/wp-json\/wp\/v2\/media?parent=107654"}],"wp:term":[{"taxonomy":"category","embeddable":true,"href":"https:\/\/prizrenpost.com\/al\/wp-json\/wp\/v2\/categories?post=107654"},{"taxonomy":"post_tag","embeddable":true,"href":"https:\/\/prizrenpost.com\/al\/wp-json\/wp\/v2\/tags?post=107654"}],"curies":[{"name":"wp","href":"https:\/\/api.w.org\/{rel}","templated":true}]}}