{"id":107656,"date":"2026-04-26T08:55:10","date_gmt":"2026-04-26T05:55:10","guid":{"rendered":"https:\/\/prizrenpost.com\/al\/netanyahu-urdheron-sulme-te-ashpra-ndaj-hezbollahut-ne-liban\/"},"modified":"2026-04-26T08:55:10","modified_gmt":"2026-04-26T05:55:10","slug":"netanyahu-urdheron-sulme-te-ashpra-ndaj-hezbollahut-ne-liban","status":"publish","type":"post","link":"https:\/\/prizrenpost.com\/al\/netanyahu-urdheron-sulme-te-ashpra-ndaj-hezbollahut-ne-liban\/","title":{"rendered":"Netanyahu urdh\u00ebron sulme t\u00eb ashpra ndaj Hezbollahut n\u00eb Liban"},"content":{"rendered":"<figure class=\"post-featured-image\"><img decoding=\"async\" src=\"https:\/\/prizrenpost.com\/al\/wp-content\/uploads\/2026\/04\/d70bb7a0-4104-11f1-b55d-0f258dce1735.jpg.jpg\" alt=\"Netanyahu urdh\u00ebron sulme t\u00eb ashpra ndaj Hezbollahut n\u00eb Liban\"\/><\/figure>\n<p>Kryeministri Izraelit, Benjamin Netanyahu, ka urdh\u00ebruar ushtrin\u00eb t\u00eb \u201cgodas\u00eb fuqish\u00ebm objektivat e Hezbollahut\u201d n\u00eb Liban, vet\u00ebm dy dit\u00eb pasi arm\u00ebpushimi u zgjat edhe p\u00ebr tre jav\u00eb.<\/p>\n<p>Pas k\u00ebtij urdhri, u raportuan sulme t\u00eb reja izraelite n\u00eb jug t\u00eb Libanit, ku sipas burimeve zyrtare libaneze, t\u00eb pakt\u00ebn gjasht\u00eb persona u vran\u00eb gjat\u00eb s\u00eb shtun\u00ebs.<\/p>\n<p>Sulmet p\u00ebrfshin\u00eb nj\u00eb kamion dhe nj\u00eb moto\u00e7iklet\u00eb n\u00eb zon\u00ebn Yohmor al-Shaqeef n\u00eb rajonin Nabatieh, ku humb\u00ebn jet\u00ebn kat\u00ebr persona. Nd\u00ebrkoh\u00eb, dy persona t\u00eb tjer\u00eb u vran\u00eb dhe 17 u plagos\u00ebn n\u00eb nj\u00eb tjet\u00ebr sulm n\u00eb qytetin Safad al-Battikh, n\u00eb rajonin Bint Jbeil.<\/p>\n<p>Ushtria izraelite,deklaroi se ka \u201celiminuar\u201d kat\u00ebr an\u00ebtar\u00eb t\u00eb Hezbollah, duke pretenduar se ata po transportonin arm\u00eb.<\/p>\n<p>P\u00ebrplasjet e vazhdueshme nd\u00ebrkufitare mes dy pal\u00ebve kan\u00eb rritur tensionet dhe kan\u00eb v\u00ebn\u00eb n\u00eb rrezik arm\u00ebpushimin e brisht\u00eb, i cili \u00ebsht\u00eb zgjatur pas bisedimeve mes p\u00ebrfaq\u00ebsuesve t\u00eb dy vendeve n\u00eb Washington. \/mesazhi<\/p>\n<hr style=\"margin:30px 0\"\/>\n<p style=\"font-size:13px;color:#666\">Burimi: <strong>mesazhi<\/strong><\/p>\n","protected":false},"excerpt":{"rendered":"<p>Kryeministri Izraelit, Benjamin Netanyahu, ka urdh\u00ebruar ushtrin\u00eb t\u00eb \u201cgodas\u00eb fuqish\u00ebm objektivat e Hezbollahut\u201d n\u00eb Liban, vet\u00ebm dy dit\u00eb pasi arm\u00ebpushimi u zgjat edhe p\u00ebr tre jav\u00eb. Pas k\u00ebtij urdhri, u raportuan sulme t\u00eb reja izraelite n\u00eb jug t\u00eb Libanit, ku sipas burimeve zyrtare libaneze, t\u00eb pakt\u00ebn gjasht\u00eb persona u vran\u00eb gjat\u00eb s\u00eb shtun\u00ebs. Sulmet p\u00ebrfshin\u00eb [&hellip;]<\/p>\n","protected":false},"author":1,"featured_media":107655,"comment_status":"open","ping_status":"open","sticky":false,"template":"","format":"standard","meta":{"footnotes":""},"categories":[24],"tags":[3803],"class_list":["post-107656","post","type-post","status-publish","format-standard","has-post-thumbnail","hentry","category-bote","tag-aktuale"],"_links":{"self":[{"href":"https:\/\/prizrenpost.com\/al\/wp-json\/wp\/v2\/posts\/107656","targetHints":{"allow":["GET"]}}],"collection":[{"href":"https:\/\/prizrenpost.com\/al\/wp-json\/wp\/v2\/posts"}],"about":[{"href":"https:\/\/prizrenpost.com\/al\/wp-json\/wp\/v2\/types\/post"}],"author":[{"embeddable":true,"href":"https:\/\/prizrenpost.com\/al\/wp-json\/wp\/v2\/users\/1"}],"replies":[{"embeddable":true,"href":"https:\/\/prizrenpost.com\/al\/wp-json\/wp\/v2\/comments?post=107656"}],"version-history":[{"count":0,"href":"https:\/\/prizrenpost.com\/al\/wp-json\/wp\/v2\/posts\/107656\/revisions"}],"wp:featuredmedia":[{"embeddable":true,"href":"https:\/\/prizrenpost.com\/al\/wp-json\/wp\/v2\/media\/107655"}],"wp:attachment":[{"href":"https:\/\/prizrenpost.com\/al\/wp-json\/wp\/v2\/media?parent=107656"}],"wp:term":[{"taxonomy":"category","embeddable":true,"href":"https:\/\/prizrenpost.com\/al\/wp-json\/wp\/v2\/categories?post=107656"},{"taxonomy":"post_tag","embeddable":true,"href":"https:\/\/prizrenpost.com\/al\/wp-json\/wp\/v2\/tags?post=107656"}],"curies":[{"name":"wp","href":"https:\/\/api.w.org\/{rel}","templated":true}]}}