{"id":107660,"date":"2026-04-26T09:35:32","date_gmt":"2026-04-26T06:35:32","guid":{"rendered":"https:\/\/prizrenpost.com\/al\/ndalohet-shtetasi-i-maqedonise-se-veriut-per-kalim-ilegal-te-kufirit-ne-kosove\/"},"modified":"2026-04-26T09:35:32","modified_gmt":"2026-04-26T06:35:32","slug":"ndalohet-shtetasi-i-maqedonise-se-veriut-per-kalim-ilegal-te-kufirit-ne-kosove","status":"publish","type":"post","link":"https:\/\/prizrenpost.com\/al\/ndalohet-shtetasi-i-maqedonise-se-veriut-per-kalim-ilegal-te-kufirit-ne-kosove\/","title":{"rendered":"Ndalohet shtetasi i Maqedonis\u00eb s\u00eb Veriut p\u00ebr kalim ilegal t\u00eb kufirit n\u00eb Kosov\u00eb"},"content":{"rendered":"<figure class=\"post-featured-image\"><img decoding=\"async\" src=\"https:\/\/prizrenpost.com\/al\/wp-content\/uploads\/2026\/04\/kufiri-kosove-maqedoni-one-stop-shop.jpeg\" alt=\"Ndalohet shtetasi i Maqedonis\u00eb s\u00eb Veriut p\u00ebr kalim ilegal t\u00eb kufirit n\u00eb Kosov\u00eb\"\/><\/figure>\n<p>Nj\u00eb shtetas i Maqedonis\u00eb s\u00eb Veriut \u00ebsht\u00eb ndaluar n\u00eb Han t\u00eb Elezit, n\u00ebn dyshimin se ka kaluar ilegalisht kufirin nga RMV n\u00eb Kosov\u00eb.<\/p>\n<p>Policia ka njoftuar se me vendim t\u00eb prokurorit, pas intervistimit i dyshuari \u00ebsht\u00eb liruar dhe rasti vazhdon n\u00eb procedur\u00eb t\u00eb rregullt, transmeton Klankosova.tv.<\/p>\n<p>\u201c\u00cbsht\u00eb ndaluar i dyshuari mashkull shtetas i Maqedonis\u00eb s\u00eb Veriut, pasi q\u00eb i nj\u00ebjti ka kaluar ilegalisht kufirin nga Maqedonia e Veriut n\u00eb Republik\u00ebn e Kosov\u00ebs. Me vendim t\u00eb prokurorit, pas intervistimit i dyshuari \u00ebsht\u00eb liruar dhe rasti vazhdon n\u00eb procedur\u00eb t\u00eb rregullt\u201d, thuhet n\u00eb raportin e PK-s\u00eb.<\/p>\n<hr style=\"margin:30px 0\"\/>\n<p style=\"font-size:13px;color:#666\">Burimi: <strong>klankosova<\/strong><\/p>\n","protected":false},"excerpt":{"rendered":"<p>Nj\u00eb shtetas i Maqedonis\u00eb s\u00eb Veriut \u00ebsht\u00eb ndaluar n\u00eb Han t\u00eb Elezit, n\u00ebn dyshimin se ka kaluar ilegalisht kufirin nga RMV n\u00eb Kosov\u00eb. Policia ka njoftuar se me vendim t\u00eb prokurorit, pas intervistimit i dyshuari \u00ebsht\u00eb liruar dhe rasti vazhdon n\u00eb procedur\u00eb t\u00eb rregullt, transmeton Klankosova.tv. \u201c\u00cbsht\u00eb ndaluar i dyshuari mashkull shtetas i Maqedonis\u00eb s\u00eb [&hellip;]<\/p>\n","protected":false},"author":1,"featured_media":107659,"comment_status":"open","ping_status":"open","sticky":false,"template":"","format":"standard","meta":{"footnotes":""},"categories":[17],"tags":[],"class_list":["post-107660","post","type-post","status-publish","format-standard","has-post-thumbnail","hentry","category-kronike"],"_links":{"self":[{"href":"https:\/\/prizrenpost.com\/al\/wp-json\/wp\/v2\/posts\/107660","targetHints":{"allow":["GET"]}}],"collection":[{"href":"https:\/\/prizrenpost.com\/al\/wp-json\/wp\/v2\/posts"}],"about":[{"href":"https:\/\/prizrenpost.com\/al\/wp-json\/wp\/v2\/types\/post"}],"author":[{"embeddable":true,"href":"https:\/\/prizrenpost.com\/al\/wp-json\/wp\/v2\/users\/1"}],"replies":[{"embeddable":true,"href":"https:\/\/prizrenpost.com\/al\/wp-json\/wp\/v2\/comments?post=107660"}],"version-history":[{"count":0,"href":"https:\/\/prizrenpost.com\/al\/wp-json\/wp\/v2\/posts\/107660\/revisions"}],"wp:featuredmedia":[{"embeddable":true,"href":"https:\/\/prizrenpost.com\/al\/wp-json\/wp\/v2\/media\/107659"}],"wp:attachment":[{"href":"https:\/\/prizrenpost.com\/al\/wp-json\/wp\/v2\/media?parent=107660"}],"wp:term":[{"taxonomy":"category","embeddable":true,"href":"https:\/\/prizrenpost.com\/al\/wp-json\/wp\/v2\/categories?post=107660"},{"taxonomy":"post_tag","embeddable":true,"href":"https:\/\/prizrenpost.com\/al\/wp-json\/wp\/v2\/tags?post=107660"}],"curies":[{"name":"wp","href":"https:\/\/api.w.org\/{rel}","templated":true}]}}