{"id":107662,"date":"2026-04-26T09:40:32","date_gmt":"2026-04-26T06:40:32","guid":{"rendered":"https:\/\/prizrenpost.com\/al\/bresheri-plumbash-ne-mesnate-sulmohet-autosalloni-ne-magjistralen-prishtine-ferizaj\/"},"modified":"2026-04-26T09:40:32","modified_gmt":"2026-04-26T06:40:32","slug":"bresheri-plumbash-ne-mesnate-sulmohet-autosalloni-ne-magjistralen-prishtine-ferizaj","status":"publish","type":"post","link":"https:\/\/prizrenpost.com\/al\/bresheri-plumbash-ne-mesnate-sulmohet-autosalloni-ne-magjistralen-prishtine-ferizaj\/","title":{"rendered":"Bresh\u00ebri plumbash n\u00eb mesnat\u00eb: Sulmohet autosalloni n\u00eb magjistralen Prishtin\u00eb\u2013Ferizaj"},"content":{"rendered":"<figure class=\"post-featured-image\"><img decoding=\"async\" src=\"https:\/\/prizrenpost.com\/al\/wp-content\/uploads\/2026\/04\/policia-e-kosoves-naten-696x464-1-2.png\" alt=\"Bresh\u00ebri plumbash n\u00eb mesnat\u00eb: Sulmohet autosalloni n\u00eb magjistralen Prishtin\u00eb\u2013Ferizaj\"\/><\/figure>\n<p>Nj\u00eb incident i r\u00ebnd\u00eb me arm\u00eb zjarri ka ndodhur n\u00eb or\u00ebt e para t\u00eb m\u00ebngjesit t\u00eb 25 prillit 2026, n\u00eb magjistralen Prishtin\u00eb\u2013Ferizaj, ku persona t\u00eb panjohur kan\u00eb sht\u00ebn\u00eb n\u00eb drejtim t\u00eb nj\u00eb autosalloni.<\/p>\n<p>Sipas raportit t\u00eb policis\u00eb, ngjarja ka ndodhur rreth or\u00ebs 00:20 deri n\u00eb 00:25, kur t\u00eb dyshuarit, t\u00eb veshur me rroba t\u00eb zeza dhe me helmeta n\u00eb kok\u00eb, duke l\u00ebvizur me nj\u00eb moto\u00e7iklet\u00eb, kan\u00eb hapur zjarr ndaj objektit. Si pasoj\u00eb e t\u00eb sht\u00ebnave, jan\u00eb d\u00ebmtuar rreth gjasht\u00eb vetura si dhe kat\u00ebr xhama t\u00eb autosallonit, transmeton Klankosova.tv.<\/p>\n<p>N\u00eb vendin e ngjarjes, nj\u00ebsitet policore kan\u00eb gjetur dhe sekuestruar 16 g\u00ebzhoja, t\u00eb cilat pritet t\u00eb sh\u00ebrbejn\u00eb si prova materiale n\u00eb hetime. Deri m\u00eb tani nuk raportohet p\u00ebr persona t\u00eb l\u00ebnduar, nd\u00ebrsa vlera e d\u00ebmeve materiale ende nuk \u00ebsht\u00eb p\u00ebrcaktuar.<\/p>\n<p>Lidhur me rastin \u00ebsht\u00eb njoftuar prokurori kompetent, nd\u00ebrsa autoritetet kan\u00eb nisur hetimet p\u00ebr zbardhjen e plot\u00eb t\u00eb rrethanave dhe identifikimin e personave t\u00eb p\u00ebrfshir\u00eb n\u00eb k\u00ebt\u00eb sulm.<\/p>\n<hr style=\"margin:30px 0\"\/>\n<p style=\"font-size:13px;color:#666\">Burimi: <strong>klankosova<\/strong><\/p>\n","protected":false},"excerpt":{"rendered":"<p>Nj\u00eb incident i r\u00ebnd\u00eb me arm\u00eb zjarri ka ndodhur n\u00eb or\u00ebt e para t\u00eb m\u00ebngjesit t\u00eb 25 prillit 2026, n\u00eb magjistralen Prishtin\u00eb\u2013Ferizaj, ku persona t\u00eb panjohur kan\u00eb sht\u00ebn\u00eb n\u00eb drejtim t\u00eb nj\u00eb autosalloni. Sipas raportit t\u00eb policis\u00eb, ngjarja ka ndodhur rreth or\u00ebs 00:20 deri n\u00eb 00:25, kur t\u00eb dyshuarit, t\u00eb veshur me rroba t\u00eb zeza [&hellip;]<\/p>\n","protected":false},"author":1,"featured_media":107661,"comment_status":"open","ping_status":"open","sticky":false,"template":"","format":"standard","meta":{"footnotes":""},"categories":[17],"tags":[],"class_list":["post-107662","post","type-post","status-publish","format-standard","has-post-thumbnail","hentry","category-kronike"],"_links":{"self":[{"href":"https:\/\/prizrenpost.com\/al\/wp-json\/wp\/v2\/posts\/107662","targetHints":{"allow":["GET"]}}],"collection":[{"href":"https:\/\/prizrenpost.com\/al\/wp-json\/wp\/v2\/posts"}],"about":[{"href":"https:\/\/prizrenpost.com\/al\/wp-json\/wp\/v2\/types\/post"}],"author":[{"embeddable":true,"href":"https:\/\/prizrenpost.com\/al\/wp-json\/wp\/v2\/users\/1"}],"replies":[{"embeddable":true,"href":"https:\/\/prizrenpost.com\/al\/wp-json\/wp\/v2\/comments?post=107662"}],"version-history":[{"count":0,"href":"https:\/\/prizrenpost.com\/al\/wp-json\/wp\/v2\/posts\/107662\/revisions"}],"wp:featuredmedia":[{"embeddable":true,"href":"https:\/\/prizrenpost.com\/al\/wp-json\/wp\/v2\/media\/107661"}],"wp:attachment":[{"href":"https:\/\/prizrenpost.com\/al\/wp-json\/wp\/v2\/media?parent=107662"}],"wp:term":[{"taxonomy":"category","embeddable":true,"href":"https:\/\/prizrenpost.com\/al\/wp-json\/wp\/v2\/categories?post=107662"},{"taxonomy":"post_tag","embeddable":true,"href":"https:\/\/prizrenpost.com\/al\/wp-json\/wp\/v2\/tags?post=107662"}],"curies":[{"name":"wp","href":"https:\/\/api.w.org\/{rel}","templated":true}]}}