{"id":107670,"date":"2026-04-26T10:45:14","date_gmt":"2026-04-26T07:45:14","guid":{"rendered":"https:\/\/prizrenpost.com\/al\/alarmante-ne-prizren-15-persona-u-gjeten-te-vdekur-ne-banesa-per-15-muaj\/"},"modified":"2026-04-26T10:45:14","modified_gmt":"2026-04-26T07:45:14","slug":"alarmante-ne-prizren-15-persona-u-gjeten-te-vdekur-ne-banesa-per-15-muaj","status":"publish","type":"post","link":"https:\/\/prizrenpost.com\/al\/alarmante-ne-prizren-15-persona-u-gjeten-te-vdekur-ne-banesa-per-15-muaj\/","title":{"rendered":"Alarmante n\u00eb Prizren: 15 persona u gjet\u00ebn t\u00eb vde*kur n\u00eb banesa p\u00ebr 15 muaj"},"content":{"rendered":"<figure class=\"post-featured-image\"><img decoding=\"async\" src=\"https:\/\/prizrenpost.com\/al\/wp-content\/uploads\/2026\/04\/krim-shirit-1.png\" alt=\"Alarmante n\u00eb Prizren: 15 persona u gjet\u00ebn t\u00eb vde*kur n\u00eb banesa p\u00ebr 15 muaj\"\/><\/figure>\n<p>N\u00eb Prizren e disa fshatra, vitet e fundit po v\u00ebrehet gjithnj\u00eb e m\u00eb shum\u00eb dukuria e personave q\u00eb jetojn\u00eb t\u00eb vet\u00ebm n\u00eb banesa, nj\u00eb fenomen q\u00eb m\u00eb par\u00eb nuk ka qen\u00eb aq i theksuar, shkruan Gazeta e Prizrenit.<\/p>\n<p>Kjo situat\u00eb ngre pyetje n\u00ebse b\u00ebhet fjal\u00eb p\u00ebr pasoj\u00eb t\u00eb migrimit, braktisjes s\u00eb t\u00eb moshuarve apo nj\u00eb standardi t\u00eb ri jetese, t\u00eb ngjash\u00ebm me at\u00eb n\u00eb vendet per\u00ebndimore. Shenjat e k\u00ebsaj m\u00ebnyre jetese jan\u00eb reflektuar edhe n\u00eb rastet kur disa persona jan\u00eb gjetur t\u00eb vdekur n\u00eb banesat e tyre, nd\u00ebrsa raste t\u00eb tilla duket se jan\u00eb n\u00eb rritje.<\/p>\n<p>Nga informacionet e siguruara nga Gazeta e Prizrenit prej Policis\u00eb Rajonale t\u00eb Prizrenit, nga viti i kaluar e deri tash jan\u00eb evidentuar gjithsej 15 raste t\u00eb personave t\u00eb gjetur pa shenja jete n\u00eb banesat e tyre. Nj\u00eb pjes\u00eb e madhe e rasteve dyshohet se kan\u00eb ndodhur si pasoj\u00eb e vdekjes natyrore, nd\u00ebrsa kat\u00ebr raste jan\u00eb duke u hetuar si vet\u00ebvrasje.<\/p>\n<p>Gjat\u00eb vitit 2025 jan\u00eb regjistruar 11 raste t\u00eb personave t\u00eb gjetur t\u00eb vdekur n\u00eb sht\u00ebpit\u00eb e tyre.<\/p>\n<p>Deri m\u00eb tani, gjat\u00eb vitit 2026 jan\u00eb evidentuar 4 raste t\u00eb ngjashme.<\/p>\n<p>T\u00eb gjitha rastet mbeten n\u00ebn hetim, pasi ende nuk ka raporte p\u00ebrfundimtare nga Instituti i Mjek\u00ebsis\u00eb Ligjore p\u00ebr p\u00ebrcaktimin e sakt\u00eb t\u00eb shkakut t\u00eb vdekjes.\/ Gazeta e Prizrenit<\/p>\n<hr style=\"margin:30px 0\"\/>\n<p style=\"font-size:13px;color:#666\">Burimi: <strong>gazetaeprizrenit<\/strong><\/p>\n","protected":false},"excerpt":{"rendered":"<p>N\u00eb Prizren e disa fshatra, vitet e fundit po v\u00ebrehet gjithnj\u00eb e m\u00eb shum\u00eb dukuria e personave q\u00eb jetojn\u00eb t\u00eb vet\u00ebm n\u00eb banesa, nj\u00eb fenomen q\u00eb m\u00eb par\u00eb nuk ka qen\u00eb aq i theksuar, shkruan Gazeta e Prizrenit. Kjo situat\u00eb ngre pyetje n\u00ebse b\u00ebhet fjal\u00eb p\u00ebr pasoj\u00eb t\u00eb migrimit, braktisjes s\u00eb t\u00eb moshuarve apo nj\u00eb [&hellip;]<\/p>\n","protected":false},"author":1,"featured_media":107669,"comment_status":"open","ping_status":"open","sticky":false,"template":"","format":"standard","meta":{"footnotes":""},"categories":[22],"tags":[],"class_list":["post-107670","post","type-post","status-publish","format-standard","has-post-thumbnail","hentry","category-prizren"],"_links":{"self":[{"href":"https:\/\/prizrenpost.com\/al\/wp-json\/wp\/v2\/posts\/107670","targetHints":{"allow":["GET"]}}],"collection":[{"href":"https:\/\/prizrenpost.com\/al\/wp-json\/wp\/v2\/posts"}],"about":[{"href":"https:\/\/prizrenpost.com\/al\/wp-json\/wp\/v2\/types\/post"}],"author":[{"embeddable":true,"href":"https:\/\/prizrenpost.com\/al\/wp-json\/wp\/v2\/users\/1"}],"replies":[{"embeddable":true,"href":"https:\/\/prizrenpost.com\/al\/wp-json\/wp\/v2\/comments?post=107670"}],"version-history":[{"count":0,"href":"https:\/\/prizrenpost.com\/al\/wp-json\/wp\/v2\/posts\/107670\/revisions"}],"wp:featuredmedia":[{"embeddable":true,"href":"https:\/\/prizrenpost.com\/al\/wp-json\/wp\/v2\/media\/107669"}],"wp:attachment":[{"href":"https:\/\/prizrenpost.com\/al\/wp-json\/wp\/v2\/media?parent=107670"}],"wp:term":[{"taxonomy":"category","embeddable":true,"href":"https:\/\/prizrenpost.com\/al\/wp-json\/wp\/v2\/categories?post=107670"},{"taxonomy":"post_tag","embeddable":true,"href":"https:\/\/prizrenpost.com\/al\/wp-json\/wp\/v2\/tags?post=107670"}],"curies":[{"name":"wp","href":"https:\/\/api.w.org\/{rel}","templated":true}]}}