{"id":107672,"date":"2026-04-26T10:45:27","date_gmt":"2026-04-26T07:45:27","guid":{"rendered":"https:\/\/prizrenpost.com\/al\/unioni-afrikan-denon-sulmet-ne-mali-shpreh-solidaritet-me-forcat-e-sigurise\/"},"modified":"2026-04-26T10:45:27","modified_gmt":"2026-04-26T07:45:27","slug":"unioni-afrikan-denon-sulmet-ne-mali-shpreh-solidaritet-me-forcat-e-sigurise","status":"publish","type":"post","link":"https:\/\/prizrenpost.com\/al\/unioni-afrikan-denon-sulmet-ne-mali-shpreh-solidaritet-me-forcat-e-sigurise\/","title":{"rendered":"Unioni Afrikan d\u00ebnon sulmet n\u00eb Mali, shpreh solidaritet me forcat e siguris\u00eb"},"content":{"rendered":"<figure class=\"post-featured-image\"><img decoding=\"async\" src=\"https:\/\/prizrenpost.com\/al\/wp-content\/uploads\/2026\/04\/Mahmoud-Ali-Youssouf.jpg\" alt=\"Unioni Afrikan d\u00ebnon sulmet n\u00eb Mali, shpreh solidaritet me forcat e siguris\u00eb\"\/><\/figure>\n<p>Unioni Afrikan ka d\u00ebnuar sulmet e fundit n\u00eb Mali, duke paralajm\u00ebruar p\u00ebr rrezikun q\u00eb ato paraqesin p\u00ebr civil\u00ebt.<\/p>\n<p>Kryetari i Komisionit t\u00eb Unionit Afrikan, Mahmoud Ali Youssouf, deklaroi se \u201ci d\u00ebnon fuqish\u00ebm k\u00ebto akte\u201d, duke theksuar se ato mund t\u00eb ekspozojn\u00eb popullsin\u00eb civile ndaj rrezikut t\u00eb madh.<\/p>\n<p>Ai gjithashtu rikonfirmoi angazhimin e organizat\u00ebs p\u00ebr paqe dhe stabilitet, duke shprehur solidaritet me popullin e Malit dhe forcat e siguris\u00eb.<\/p>\n<p>P\u00ebrleshjet mes ushtris\u00eb s\u00eb Malit dhe grupeve t\u00eb armatosura t\u00eb paidentifikuara, t\u00eb cilat autoritetet i kan\u00eb cil\u00ebsuar si \u201cterroriste\u201d, kan\u00eb goditur kryeqytetin Bamako dhe disa rajone t\u00eb tjera t\u00eb vendit.<\/p>\n<p>Sipas ushtris\u00eb maliane, situata \u00ebsht\u00eb \u201cn\u00ebn kontroll\u201d dhe sulmuesit kan\u00eb p\u00ebsuar humbje t\u00eb m\u00ebdha. Sulme jan\u00eb raportuar gjithashtu n\u00eb qytetet Gao dhe Kidal n\u00eb veri, si dhe n\u00eb Sevare n\u00eb pjes\u00ebn qendrore t\u00eb vendit. \/mesazhi<\/p>\n<hr style=\"margin:30px 0\"\/>\n<p style=\"font-size:13px;color:#666\">Burimi: <strong>mesazhi<\/strong><\/p>\n","protected":false},"excerpt":{"rendered":"<p>Unioni Afrikan ka d\u00ebnuar sulmet e fundit n\u00eb Mali, duke paralajm\u00ebruar p\u00ebr rrezikun q\u00eb ato paraqesin p\u00ebr civil\u00ebt. Kryetari i Komisionit t\u00eb Unionit Afrikan, Mahmoud Ali Youssouf, deklaroi se \u201ci d\u00ebnon fuqish\u00ebm k\u00ebto akte\u201d, duke theksuar se ato mund t\u00eb ekspozojn\u00eb popullsin\u00eb civile ndaj rrezikut t\u00eb madh. Ai gjithashtu rikonfirmoi angazhimin e organizat\u00ebs p\u00ebr paqe [&hellip;]<\/p>\n","protected":false},"author":1,"featured_media":107671,"comment_status":"open","ping_status":"open","sticky":false,"template":"","format":"standard","meta":{"footnotes":""},"categories":[24],"tags":[3803],"class_list":["post-107672","post","type-post","status-publish","format-standard","has-post-thumbnail","hentry","category-bote","tag-aktuale"],"_links":{"self":[{"href":"https:\/\/prizrenpost.com\/al\/wp-json\/wp\/v2\/posts\/107672","targetHints":{"allow":["GET"]}}],"collection":[{"href":"https:\/\/prizrenpost.com\/al\/wp-json\/wp\/v2\/posts"}],"about":[{"href":"https:\/\/prizrenpost.com\/al\/wp-json\/wp\/v2\/types\/post"}],"author":[{"embeddable":true,"href":"https:\/\/prizrenpost.com\/al\/wp-json\/wp\/v2\/users\/1"}],"replies":[{"embeddable":true,"href":"https:\/\/prizrenpost.com\/al\/wp-json\/wp\/v2\/comments?post=107672"}],"version-history":[{"count":0,"href":"https:\/\/prizrenpost.com\/al\/wp-json\/wp\/v2\/posts\/107672\/revisions"}],"wp:featuredmedia":[{"embeddable":true,"href":"https:\/\/prizrenpost.com\/al\/wp-json\/wp\/v2\/media\/107671"}],"wp:attachment":[{"href":"https:\/\/prizrenpost.com\/al\/wp-json\/wp\/v2\/media?parent=107672"}],"wp:term":[{"taxonomy":"category","embeddable":true,"href":"https:\/\/prizrenpost.com\/al\/wp-json\/wp\/v2\/categories?post=107672"},{"taxonomy":"post_tag","embeddable":true,"href":"https:\/\/prizrenpost.com\/al\/wp-json\/wp\/v2\/tags?post=107672"}],"curies":[{"name":"wp","href":"https:\/\/api.w.org\/{rel}","templated":true}]}}