{"id":107676,"date":"2026-04-26T10:55:28","date_gmt":"2026-04-26T07:55:28","guid":{"rendered":"https:\/\/prizrenpost.com\/al\/vodhi-ne-dyqane-e-fabrika-te-ferizajt-kapet-hajduti-35-vjecar\/"},"modified":"2026-04-26T10:55:28","modified_gmt":"2026-04-26T07:55:28","slug":"vodhi-ne-dyqane-e-fabrika-te-ferizajt-kapet-hajduti-35-vjecar","status":"publish","type":"post","link":"https:\/\/prizrenpost.com\/al\/vodhi-ne-dyqane-e-fabrika-te-ferizajt-kapet-hajduti-35-vjecar\/","title":{"rendered":"Vodhi n\u00eb dyqane e fabrika t\u00eb Ferizajt, kapet hajduti 35-vje\u00e7ar"},"content":{"rendered":"<figure class=\"post-featured-image\"><img decoding=\"async\" src=\"https:\/\/prizrenpost.com\/al\/wp-content\/uploads\/2026\/04\/auto_policia-e-kosoves-600x360_11775286371.jpg\" alt=\"Vodhi n\u00eb dyqane e fabrika t\u00eb Ferizajt, kapet hajduti 35-vje\u00e7ar\"\/><\/figure>\n<p>Nj\u00eb 35-vje\u00e7ar me inicialet S.T \u00ebsht\u00eb arrestuar p\u00ebr vepr\u00ebn penale \u201cVjedhje e r\u00ebnd\u00eb\u201d n\u00eb Ferizaj.<\/p>\n<p>Sipas policis\u00eb, vjedhjet jan\u00eb kryer n\u00eb qytetin e Ferizajt dhe fshatrat p\u00ebrreth: Sojev\u00eb, Babush, Dardani, Fshati Vjet\u00ebr,Komogllav\u00eb, transmeton Klankosova.tv.<\/p>\n<p>Bazuar n\u00eb t\u00eb dh\u00ebnat zyrtare, vjedhjet jan\u00eb kryer kryesisht n\u00eb objekte afariste (dyqane dhe fabrika), ku jan\u00eb p\u00ebrvet\u00ebsuar para dhe sende me vler\u00eb.<\/p>\n<p>M\u00eb 25.04.2026, me urdh\u00ebr t\u00eb Gjykat\u00ebs Themelore n\u00eb Ferizaj, \u00ebsht\u00eb realizuar kontroll n\u00eb sht\u00ebpin\u00eb e tij, ku jan\u00eb gjetur prova materiale, p\u00ebrfshir\u00eb veshje dhe mjete t\u00eb p\u00ebrdorura n\u00eb kryerjen e veprave.<\/p>\n<p>I dyshuari \u00ebsht\u00eb arrestuar dhe intervistuar n\u00eb prani t\u00eb avokatit, duke shfryt\u00ebzuar t\u00eb drejt\u00ebn p\u00ebr t\u00eb heshtur.<\/p>\n<p>Me autorizim t\u00eb prokurorit t\u00eb shtetit, ndaj tij \u00ebsht\u00eb iniciuar procedur\u00eb p\u00ebr veprat penale \u201cVjedhja e r\u00ebnd\u00eb\u201d dhe \u00ebsht\u00eb ndaluar p\u00ebr 48 or\u00eb, p\u00ebr procedura t\u00eb m\u00ebtejshme hetimore.<\/p>\n<hr style=\"margin:30px 0\"\/>\n<p style=\"font-size:13px;color:#666\">Burimi: <strong>klankosova<\/strong><\/p>\n","protected":false},"excerpt":{"rendered":"<p>Nj\u00eb 35-vje\u00e7ar me inicialet S.T \u00ebsht\u00eb arrestuar p\u00ebr vepr\u00ebn penale \u201cVjedhje e r\u00ebnd\u00eb\u201d n\u00eb Ferizaj. Sipas policis\u00eb, vjedhjet jan\u00eb kryer n\u00eb qytetin e Ferizajt dhe fshatrat p\u00ebrreth: Sojev\u00eb, Babush, Dardani, Fshati Vjet\u00ebr,Komogllav\u00eb, transmeton Klankosova.tv. Bazuar n\u00eb t\u00eb dh\u00ebnat zyrtare, vjedhjet jan\u00eb kryer kryesisht n\u00eb objekte afariste (dyqane dhe fabrika), ku jan\u00eb p\u00ebrvet\u00ebsuar para dhe sende [&hellip;]<\/p>\n","protected":false},"author":1,"featured_media":107675,"comment_status":"open","ping_status":"open","sticky":false,"template":"","format":"standard","meta":{"footnotes":""},"categories":[17],"tags":[],"class_list":["post-107676","post","type-post","status-publish","format-standard","has-post-thumbnail","hentry","category-kronike"],"_links":{"self":[{"href":"https:\/\/prizrenpost.com\/al\/wp-json\/wp\/v2\/posts\/107676","targetHints":{"allow":["GET"]}}],"collection":[{"href":"https:\/\/prizrenpost.com\/al\/wp-json\/wp\/v2\/posts"}],"about":[{"href":"https:\/\/prizrenpost.com\/al\/wp-json\/wp\/v2\/types\/post"}],"author":[{"embeddable":true,"href":"https:\/\/prizrenpost.com\/al\/wp-json\/wp\/v2\/users\/1"}],"replies":[{"embeddable":true,"href":"https:\/\/prizrenpost.com\/al\/wp-json\/wp\/v2\/comments?post=107676"}],"version-history":[{"count":0,"href":"https:\/\/prizrenpost.com\/al\/wp-json\/wp\/v2\/posts\/107676\/revisions"}],"wp:featuredmedia":[{"embeddable":true,"href":"https:\/\/prizrenpost.com\/al\/wp-json\/wp\/v2\/media\/107675"}],"wp:attachment":[{"href":"https:\/\/prizrenpost.com\/al\/wp-json\/wp\/v2\/media?parent=107676"}],"wp:term":[{"taxonomy":"category","embeddable":true,"href":"https:\/\/prizrenpost.com\/al\/wp-json\/wp\/v2\/categories?post=107676"},{"taxonomy":"post_tag","embeddable":true,"href":"https:\/\/prizrenpost.com\/al\/wp-json\/wp\/v2\/tags?post=107676"}],"curies":[{"name":"wp","href":"https:\/\/api.w.org\/{rel}","templated":true}]}}