{"id":107680,"date":"2026-04-26T11:35:12","date_gmt":"2026-04-26T08:35:12","guid":{"rendered":"https:\/\/prizrenpost.com\/al\/i-dyshuari-per-te-shtenat-gjate-darkes-se-shtepise-se-bardhe-tha-se-synonte-zyrtare-te-administrates-trump\/"},"modified":"2026-04-26T11:35:12","modified_gmt":"2026-04-26T08:35:12","slug":"i-dyshuari-per-te-shtenat-gjate-darkes-se-shtepise-se-bardhe-tha-se-synonte-zyrtare-te-administrates-trump","status":"publish","type":"post","link":"https:\/\/prizrenpost.com\/al\/i-dyshuari-per-te-shtenat-gjate-darkes-se-shtepise-se-bardhe-tha-se-synonte-zyrtare-te-administrates-trump\/","title":{"rendered":"I dyshuari p\u00ebr t\u00eb sht\u00ebnat gjat\u00eb dark\u00ebs s\u00eb Sht\u00ebpis\u00eb s\u00eb Bardh\u00eb tha se synonte zyrtar\u00eb t\u00eb administrat\u00ebs Trump"},"content":{"rendered":"<figure class=\"post-featured-image\"><img decoding=\"async\" src=\"https:\/\/prizrenpost.com\/al\/wp-content\/uploads\/2026\/04\/thumbs_b_c_920fd0b1d32034f25d54a817fc8e8b9c.jpg\" alt=\"I dyshuari p\u00ebr t\u00eb sht\u00ebnat gjat\u00eb dark\u00ebs s\u00eb Sht\u00ebpis\u00eb s\u00eb Bardh\u00eb tha se synonte zyrtar\u00eb t\u00eb administrat\u00ebs Trump\"\/><\/figure>\n<p>I dyshuari p\u00ebr incidentin me t\u00eb sht\u00ebna jasht\u00eb dark\u00ebs s\u00eb Korrespondent\u00ebve t\u00eb Sht\u00ebpis\u00eb s\u00eb Bardh\u00eb mbr\u00ebm\u00eb u tha autoriteteve se synonte zyrtar\u00eb t\u00eb administrat\u00ebs s\u00eb presidentit amerikan, Donald Trump, transmeton Anadolu.<\/p>\n<p>Duke cituar burime nga zbatimi i ligjit, CBS News raportoi se i dyshuari, i identifikuar si Cole Allen, e b\u00ebri k\u00ebt\u00eb deklarat\u00eb pas arrestimit.<\/p>\n<p>Burimet than\u00eb se i dyshuari nuk e p\u00ebrmendi specifikisht presidentit Trump si objektiv, por iu referua n\u00eb m\u00ebnyr\u00eb t\u00eb p\u00ebrgjithshme \u201czyrtar\u00ebve t\u00eb administrat\u00ebs\u201d.<\/p>\n<p>Autoritetet nuk e kan\u00eb konfirmuar ende publikisht motivin e t\u00eb dyshuarit, nd\u00ebrsa hetimet vazhdojn\u00eb.<\/p>\n<p>Incidenti ndodhi n\u00eb hotelin Washington Hilton, ku po mbahej darka vjetore, duke \u00e7uar n\u00eb evakuimin e presidentit Trump, zonj\u00ebs s\u00eb par\u00eb Melania Trump, zv\/presidentit JD Vance dhe zyrtar\u00ebve t\u00eb tjer\u00eb t\u00eb lart\u00eb.<\/p>\n<hr style=\"margin:30px 0\"\/>\n<p style=\"font-size:13px;color:#666\">Burimi: <strong>mesazhi<\/strong><\/p>\n","protected":false},"excerpt":{"rendered":"<p>I dyshuari p\u00ebr incidentin me t\u00eb sht\u00ebna jasht\u00eb dark\u00ebs s\u00eb Korrespondent\u00ebve t\u00eb Sht\u00ebpis\u00eb s\u00eb Bardh\u00eb mbr\u00ebm\u00eb u tha autoriteteve se synonte zyrtar\u00eb t\u00eb administrat\u00ebs s\u00eb presidentit amerikan, Donald Trump, transmeton Anadolu. Duke cituar burime nga zbatimi i ligjit, CBS News raportoi se i dyshuari, i identifikuar si Cole Allen, e b\u00ebri k\u00ebt\u00eb deklarat\u00eb pas arrestimit. [&hellip;]<\/p>\n","protected":false},"author":1,"featured_media":107679,"comment_status":"open","ping_status":"open","sticky":false,"template":"","format":"standard","meta":{"footnotes":""},"categories":[24],"tags":[3803],"class_list":["post-107680","post","type-post","status-publish","format-standard","has-post-thumbnail","hentry","category-bote","tag-aktuale"],"_links":{"self":[{"href":"https:\/\/prizrenpost.com\/al\/wp-json\/wp\/v2\/posts\/107680","targetHints":{"allow":["GET"]}}],"collection":[{"href":"https:\/\/prizrenpost.com\/al\/wp-json\/wp\/v2\/posts"}],"about":[{"href":"https:\/\/prizrenpost.com\/al\/wp-json\/wp\/v2\/types\/post"}],"author":[{"embeddable":true,"href":"https:\/\/prizrenpost.com\/al\/wp-json\/wp\/v2\/users\/1"}],"replies":[{"embeddable":true,"href":"https:\/\/prizrenpost.com\/al\/wp-json\/wp\/v2\/comments?post=107680"}],"version-history":[{"count":0,"href":"https:\/\/prizrenpost.com\/al\/wp-json\/wp\/v2\/posts\/107680\/revisions"}],"wp:featuredmedia":[{"embeddable":true,"href":"https:\/\/prizrenpost.com\/al\/wp-json\/wp\/v2\/media\/107679"}],"wp:attachment":[{"href":"https:\/\/prizrenpost.com\/al\/wp-json\/wp\/v2\/media?parent=107680"}],"wp:term":[{"taxonomy":"category","embeddable":true,"href":"https:\/\/prizrenpost.com\/al\/wp-json\/wp\/v2\/categories?post=107680"},{"taxonomy":"post_tag","embeddable":true,"href":"https:\/\/prizrenpost.com\/al\/wp-json\/wp\/v2\/tags?post=107680"}],"curies":[{"name":"wp","href":"https:\/\/api.w.org\/{rel}","templated":true}]}}