{"id":107688,"date":"2026-04-26T12:05:14","date_gmt":"2026-04-26T09:05:14","guid":{"rendered":"https:\/\/prizrenpost.com\/al\/trump-nje-oficer-u-qellua-gjate-darkes-se-korrespondenteve-te-shtepise-se-bardhe\/"},"modified":"2026-04-26T12:05:14","modified_gmt":"2026-04-26T09:05:14","slug":"trump-nje-oficer-u-qellua-gjate-darkes-se-korrespondenteve-te-shtepise-se-bardhe","status":"publish","type":"post","link":"https:\/\/prizrenpost.com\/al\/trump-nje-oficer-u-qellua-gjate-darkes-se-korrespondenteve-te-shtepise-se-bardhe\/","title":{"rendered":"Trump: Nj\u00eb oficer u q\u00ebllua gjat\u00eb dark\u00ebs s\u00eb Korrespondent\u00ebve t\u00eb Sht\u00ebpis\u00eb s\u00eb Bardh\u00eb"},"content":{"rendered":"<figure class=\"post-featured-image\"><img decoding=\"async\" src=\"https:\/\/prizrenpost.com\/al\/wp-content\/uploads\/2026\/04\/thumbs_b_c_641dddee31d544477fcf2cc883b96288.jpg\" alt=\"Trump: Nj\u00eb oficer u q\u00ebllua gjat\u00eb dark\u00ebs s\u00eb Korrespondent\u00ebve t\u00eb Sht\u00ebpis\u00eb s\u00eb Bardh\u00eb\"\/><\/figure>\n<p>Presidenti i SHBA-s\u00eb, Donald Trump, ka b\u00ebr\u00eb t\u00eb ditur se nj\u00eb oficer u q\u00ebllua gjat\u00eb incidentit me arm\u00eb n\u00eb dark\u00ebn e Korrespondent\u00ebve t\u00eb Sht\u00ebpis\u00eb s\u00eb Bardh\u00eb n\u00eb Washington, DC, raporton Anadolu.<\/p>\n<p>\u201cNj\u00eb oficer u q\u00ebllua, por u shp\u00ebtua fal\u00eb faktit q\u00eb kishte veshur nj\u00eb jelek antiplumb shum\u00eb t\u00eb mir\u00eb. Ai u q\u00ebllua nga nj\u00eb distanc\u00eb shum\u00eb e af\u00ebrt me nj\u00eb arm\u00eb shum\u00eb t\u00eb fuqishme dhe jeleku b\u00ebri pun\u00ebn. Sapo fola me oficerin dhe ai \u00ebsht\u00eb shum\u00eb mir\u00eb. \u00cbsht\u00eb n\u00eb gjendje t\u00eb shk\u00eblqyer\u201d, tha Trump n\u00eb nj\u00eb konferenc\u00eb p\u00ebr media.<\/p>\n<p>Komentet e tij vijn\u00eb pasi presidenti dhe zonja e par\u00eb, Melania Trump, u evakuuan nga ngjarja vjetore n\u00eb hotelin Washington Hilton pas nj\u00eb incidenti sigurie.<\/p>\n<p>Trump tha se i dyshuari ishte \u201ci armatosur me disa arm\u00eb\u201d.<\/p>\n<p>\u201cMendoj se jeton n\u00eb Kaliforni dhe \u00ebsht\u00eb nj\u00eb person i s\u00ebmur\u00eb, nj\u00eb person shum\u00eb i s\u00ebmur\u00eb\u201d, shtoi ai.<\/p>\n<p>Raportimet mediatike than\u00eb se i dyshuari \u00ebsht\u00eb identifikuar si Cole Thomas Allen, 31-vje\u00e7.<\/p>\n<p>\u201cP\u00ebrshtypja ime \u00ebsht\u00eb se ishte nj\u00eb \u2018ujk i vetmuar\u2019 \u201c, tha Trump.<\/p>\n<p>\u201cBesoj\u201d, u p\u00ebrgjigj Trump kur u pyet n\u00ebse mendonte se ai vet\u00eb ishte objektivi i sulmit.<\/p>\n<p>Kur u pyet n\u00ebse t\u00eb sht\u00ebnat mund t\u00eb kishin lidhje me luft\u00ebn n\u00eb Iran, Trump tha: \u201cNuk mendoj. Por nuk i dihet kurr\u00eb\u201d.<\/p>\n<hr style=\"margin:30px 0\"\/>\n<p style=\"font-size:13px;color:#666\">Burimi: <strong>mesazhi<\/strong><\/p>\n","protected":false},"excerpt":{"rendered":"<p>Presidenti i SHBA-s\u00eb, Donald Trump, ka b\u00ebr\u00eb t\u00eb ditur se nj\u00eb oficer u q\u00ebllua gjat\u00eb incidentit me arm\u00eb n\u00eb dark\u00ebn e Korrespondent\u00ebve t\u00eb Sht\u00ebpis\u00eb s\u00eb Bardh\u00eb n\u00eb Washington, DC, raporton Anadolu. \u201cNj\u00eb oficer u q\u00ebllua, por u shp\u00ebtua fal\u00eb faktit q\u00eb kishte veshur nj\u00eb jelek antiplumb shum\u00eb t\u00eb mir\u00eb. Ai u q\u00ebllua nga nj\u00eb distanc\u00eb [&hellip;]<\/p>\n","protected":false},"author":1,"featured_media":107687,"comment_status":"open","ping_status":"open","sticky":false,"template":"","format":"standard","meta":{"footnotes":""},"categories":[24],"tags":[3803],"class_list":["post-107688","post","type-post","status-publish","format-standard","has-post-thumbnail","hentry","category-bote","tag-aktuale"],"_links":{"self":[{"href":"https:\/\/prizrenpost.com\/al\/wp-json\/wp\/v2\/posts\/107688","targetHints":{"allow":["GET"]}}],"collection":[{"href":"https:\/\/prizrenpost.com\/al\/wp-json\/wp\/v2\/posts"}],"about":[{"href":"https:\/\/prizrenpost.com\/al\/wp-json\/wp\/v2\/types\/post"}],"author":[{"embeddable":true,"href":"https:\/\/prizrenpost.com\/al\/wp-json\/wp\/v2\/users\/1"}],"replies":[{"embeddable":true,"href":"https:\/\/prizrenpost.com\/al\/wp-json\/wp\/v2\/comments?post=107688"}],"version-history":[{"count":0,"href":"https:\/\/prizrenpost.com\/al\/wp-json\/wp\/v2\/posts\/107688\/revisions"}],"wp:featuredmedia":[{"embeddable":true,"href":"https:\/\/prizrenpost.com\/al\/wp-json\/wp\/v2\/media\/107687"}],"wp:attachment":[{"href":"https:\/\/prizrenpost.com\/al\/wp-json\/wp\/v2\/media?parent=107688"}],"wp:term":[{"taxonomy":"category","embeddable":true,"href":"https:\/\/prizrenpost.com\/al\/wp-json\/wp\/v2\/categories?post=107688"},{"taxonomy":"post_tag","embeddable":true,"href":"https:\/\/prizrenpost.com\/al\/wp-json\/wp\/v2\/tags?post=107688"}],"curies":[{"name":"wp","href":"https:\/\/api.w.org\/{rel}","templated":true}]}}