{"id":107690,"date":"2026-04-26T12:35:11","date_gmt":"2026-04-26T09:35:11","guid":{"rendered":"https:\/\/prizrenpost.com\/al\/sulmi-me-arme-ne-shtepine-e-bardhe-reagon-rama-e-denoj-me-force-ndihem-i-lehtesuar-qe-trump-dhe-te-tjeret-jane-shendoshe-e-mire\/"},"modified":"2026-04-26T12:35:11","modified_gmt":"2026-04-26T09:35:11","slug":"sulmi-me-arme-ne-shtepine-e-bardhe-reagon-rama-e-denoj-me-force-ndihem-i-lehtesuar-qe-trump-dhe-te-tjeret-jane-shendoshe-e-mire","status":"publish","type":"post","link":"https:\/\/prizrenpost.com\/al\/sulmi-me-arme-ne-shtepine-e-bardhe-reagon-rama-e-denoj-me-force-ndihem-i-lehtesuar-qe-trump-dhe-te-tjeret-jane-shendoshe-e-mire\/","title":{"rendered":"Sulmi me arm\u00eb n\u00eb Sht\u00ebpin\u00eb e Bardh\u00eb, reagon Rama: E d\u00ebnoj me forc\u00eb, ndihem i leht\u00ebsuar q\u00eb Trump dhe t\u00eb tjer\u00ebt jan\u00eb sh\u00ebndosh\u00eb e mir\u00eb"},"content":{"rendered":"<figure class=\"post-featured-image\"><img decoding=\"async\" src=\"https:\/\/prizrenpost.com\/al\/wp-content\/uploads\/2026\/04\/800-0-73deea1451ccd9d4c1ea43d37738b54f.jpg\" alt=\"Sulmi me arm\u00eb n\u00eb Sht\u00ebpin\u00eb e Bardh\u00eb, reagon Rama: E d\u00ebnoj me forc\u00eb, ndihem i leht\u00ebsuar q\u00eb Trump dhe t\u00eb tjer\u00ebt jan\u00eb sh\u00ebndosh\u00eb e mir\u00eb\"\/><\/figure>\n<p>Kryeministri Edi Rama ka reaguar pas lajmit p\u00ebr nj\u00eb sulm me arm\u00eb gjat\u00eb nj\u00eb aktiviteti presidencial n\u00eb Washington, D.C., duke e cil\u00ebsuar ngjarjen si trondit\u00ebse dhe nj\u00eb goditje ndaj vet\u00eb thelbit t\u00eb jet\u00ebs demokratike. P\u00ebrmes nj\u00eb postimi n\u00eb rrjetin social X, Rama shprehet se e d\u00ebnon me forc\u00eb aktin e dhun\u00ebs, nd\u00ebrsa thekson se ndihet i leht\u00ebsuar q\u00eb Donald Trump dhe t\u00eb gjith\u00eb t\u00eb pranishmit jan\u00eb sh\u00ebndosh\u00eb e mir\u00eb.<\/p>\n<p>\u201cTrondit\u00ebse t\u00eb marr\u00ebsh lajmin p\u00ebr nj\u00eb sulm t\u00eb dhunsh\u00ebm me arm\u00eb nga nj\u00eb person i armatosur n\u00eb nj\u00eb hotel n\u00eb Washington, DC gjat\u00eb nj\u00eb aktiviteti presidencial me gazetar\u00eb. Nj\u00eb sulm i till\u00eb godet lirin\u00eb dhe m\u00ebnyr\u00ebn ton\u00eb demokratike t\u00eb jetes\u00ebs kudo. E d\u00ebnoj me forc\u00eb. I leht\u00ebsuar q\u00eb Presidenti dhe t\u00eb gjith\u00eb t\u00eb pranishmit jan\u00eb t\u00eb sigurt dhe mir\u00eb\u201d-shkruan Rama n\u00eb \u201cX\u201d.<\/p>\n<div class=\"kodiim\" data-mce-contenteditable=\"false\">\n<div class=\"twitter-tweet twitter-tweet-rendered\"><\/div>\n<\/div>\n<hr style=\"margin:30px 0\"\/>\n<p style=\"font-size:13px;color:#666\">Burimi: <strong>mesazhi<\/strong><\/p>\n","protected":false},"excerpt":{"rendered":"<p>Kryeministri Edi Rama ka reaguar pas lajmit p\u00ebr nj\u00eb sulm me arm\u00eb gjat\u00eb nj\u00eb aktiviteti presidencial n\u00eb Washington, D.C., duke e cil\u00ebsuar ngjarjen si trondit\u00ebse dhe nj\u00eb goditje ndaj vet\u00eb thelbit t\u00eb jet\u00ebs demokratike. P\u00ebrmes nj\u00eb postimi n\u00eb rrjetin social X, Rama shprehet se e d\u00ebnon me forc\u00eb aktin e dhun\u00ebs, nd\u00ebrsa thekson se ndihet [&hellip;]<\/p>\n","protected":false},"author":1,"featured_media":107689,"comment_status":"open","ping_status":"open","sticky":false,"template":"","format":"standard","meta":{"footnotes":""},"categories":[24],"tags":[3803],"class_list":["post-107690","post","type-post","status-publish","format-standard","has-post-thumbnail","hentry","category-bote","tag-aktuale"],"_links":{"self":[{"href":"https:\/\/prizrenpost.com\/al\/wp-json\/wp\/v2\/posts\/107690","targetHints":{"allow":["GET"]}}],"collection":[{"href":"https:\/\/prizrenpost.com\/al\/wp-json\/wp\/v2\/posts"}],"about":[{"href":"https:\/\/prizrenpost.com\/al\/wp-json\/wp\/v2\/types\/post"}],"author":[{"embeddable":true,"href":"https:\/\/prizrenpost.com\/al\/wp-json\/wp\/v2\/users\/1"}],"replies":[{"embeddable":true,"href":"https:\/\/prizrenpost.com\/al\/wp-json\/wp\/v2\/comments?post=107690"}],"version-history":[{"count":0,"href":"https:\/\/prizrenpost.com\/al\/wp-json\/wp\/v2\/posts\/107690\/revisions"}],"wp:featuredmedia":[{"embeddable":true,"href":"https:\/\/prizrenpost.com\/al\/wp-json\/wp\/v2\/media\/107689"}],"wp:attachment":[{"href":"https:\/\/prizrenpost.com\/al\/wp-json\/wp\/v2\/media?parent=107690"}],"wp:term":[{"taxonomy":"category","embeddable":true,"href":"https:\/\/prizrenpost.com\/al\/wp-json\/wp\/v2\/categories?post=107690"},{"taxonomy":"post_tag","embeddable":true,"href":"https:\/\/prizrenpost.com\/al\/wp-json\/wp\/v2\/tags?post=107690"}],"curies":[{"name":"wp","href":"https:\/\/api.w.org\/{rel}","templated":true}]}}