{"id":107696,"date":"2026-04-26T13:15:27","date_gmt":"2026-04-26T10:15:27","guid":{"rendered":"https:\/\/prizrenpost.com\/al\/rrahmani-vazhdon-me-napolin-edhe-per-dy-vite\/"},"modified":"2026-04-26T13:15:27","modified_gmt":"2026-04-26T10:15:27","slug":"rrahmani-vazhdon-me-napolin-edhe-per-dy-vite","status":"publish","type":"post","link":"https:\/\/prizrenpost.com\/al\/rrahmani-vazhdon-me-napolin-edhe-per-dy-vite\/","title":{"rendered":"Rrahmani vazhdon me Napolin edhe p\u00ebr dy vite"},"content":{"rendered":"<figure class=\"post-featured-image\"><img decoding=\"async\" src=\"https:\/\/prizrenpost.com\/al\/wp-content\/uploads\/2026\/04\/amir-rrahmani.jpg\" alt=\"Rrahmani vazhdon me Napolin edhe p\u00ebr dy vite\"\/><\/figure>\n<p>Amir Rrahmani ka zgjatur kontrat\u00ebn me Napolin deri n\u00eb vitin 2029, n\u00eb nj\u00eb marr\u00ebveshje t\u00eb re afatgjat\u00eb q\u00eb e konfirmon r\u00ebnd\u00ebsin\u00eb e tij n\u00eb projektin e klubit italian.<\/p>\n<p>Sipas gazetarit t\u00eb njohur t\u00eb merkatos, Nicol\u00f2 Schira, marr\u00ebveshja \u00ebsht\u00eb arritur dhe gjith\u00e7ka \u00ebsht\u00eb zyrtarizuar, me dokumentet q\u00eb jan\u00eb n\u00ebnshkruar dit\u00ebve t\u00eb fundit.<\/p>\n<p>Kontrata e re parashikon nj\u00eb pag\u00eb prej 3.8 milion\u00eb eurosh n\u00eb vit p\u00ebr mbrojt\u00ebsin kosovar, shkruan Gazeta Express.<\/p>\n<p>Rrahmani \u00ebsht\u00eb kthyer n\u00eb nj\u00eb nga shtyllat kryesore t\u00eb mbrojtjes s\u00eb Napolit, duke u shnd\u00ebrruar n\u00eb nj\u00eb element t\u00eb paz\u00ebvend\u00ebsuesh\u00ebm n\u00eb formacionin e skuadr\u00ebs kampione t\u00eb Italis\u00eb n\u00eb vitet e fundit.<\/p>\n<p>Ky rinovim tregon besimin e plot\u00eb t\u00eb klubit n\u00eb qend\u00ebrmbrojt\u00ebsin kosovar, i cili pritet t\u00eb vazhdoj\u00eb t\u00eb ket\u00eb rol ky\u00e7 n\u00eb objektivat afatgjata t\u00eb Napolit n\u00eb Serie A dhe n\u00eb garat evropiane.<\/p>\n<hr style=\"margin:30px 0\"\/>\n<p style=\"font-size:13px;color:#666\">Burimi: <strong>04online<\/strong><\/p>\n","protected":false},"excerpt":{"rendered":"<p>Amir Rrahmani ka zgjatur kontrat\u00ebn me Napolin deri n\u00eb vitin 2029, n\u00eb nj\u00eb marr\u00ebveshje t\u00eb re afatgjat\u00eb q\u00eb e konfirmon r\u00ebnd\u00ebsin\u00eb e tij n\u00eb projektin e klubit italian. Sipas gazetarit t\u00eb njohur t\u00eb merkatos, Nicol\u00f2 Schira, marr\u00ebveshja \u00ebsht\u00eb arritur dhe gjith\u00e7ka \u00ebsht\u00eb zyrtarizuar, me dokumentet q\u00eb jan\u00eb n\u00ebnshkruar dit\u00ebve t\u00eb fundit. Kontrata e re parashikon [&hellip;]<\/p>\n","protected":false},"author":1,"featured_media":107695,"comment_status":"open","ping_status":"open","sticky":false,"template":"","format":"standard","meta":{"footnotes":""},"categories":[7],"tags":[],"class_list":["post-107696","post","type-post","status-publish","format-standard","has-post-thumbnail","hentry","category-sport"],"_links":{"self":[{"href":"https:\/\/prizrenpost.com\/al\/wp-json\/wp\/v2\/posts\/107696","targetHints":{"allow":["GET"]}}],"collection":[{"href":"https:\/\/prizrenpost.com\/al\/wp-json\/wp\/v2\/posts"}],"about":[{"href":"https:\/\/prizrenpost.com\/al\/wp-json\/wp\/v2\/types\/post"}],"author":[{"embeddable":true,"href":"https:\/\/prizrenpost.com\/al\/wp-json\/wp\/v2\/users\/1"}],"replies":[{"embeddable":true,"href":"https:\/\/prizrenpost.com\/al\/wp-json\/wp\/v2\/comments?post=107696"}],"version-history":[{"count":0,"href":"https:\/\/prizrenpost.com\/al\/wp-json\/wp\/v2\/posts\/107696\/revisions"}],"wp:featuredmedia":[{"embeddable":true,"href":"https:\/\/prizrenpost.com\/al\/wp-json\/wp\/v2\/media\/107695"}],"wp:attachment":[{"href":"https:\/\/prizrenpost.com\/al\/wp-json\/wp\/v2\/media?parent=107696"}],"wp:term":[{"taxonomy":"category","embeddable":true,"href":"https:\/\/prizrenpost.com\/al\/wp-json\/wp\/v2\/categories?post=107696"},{"taxonomy":"post_tag","embeddable":true,"href":"https:\/\/prizrenpost.com\/al\/wp-json\/wp\/v2\/tags?post=107696"}],"curies":[{"name":"wp","href":"https:\/\/api.w.org\/{rel}","templated":true}]}}