{"id":107698,"date":"2026-04-26T13:30:17","date_gmt":"2026-04-26T10:30:17","guid":{"rendered":"https:\/\/prizrenpost.com\/al\/pas-humbjes-ne-zgjedhje-orban-heq-dore-nga-mandati-ne-parlament-fidesz-do-te-transformohet-teresisht\/"},"modified":"2026-04-26T13:30:17","modified_gmt":"2026-04-26T10:30:17","slug":"pas-humbjes-ne-zgjedhje-orban-heq-dore-nga-mandati-ne-parlament-fidesz-do-te-transformohet-teresisht","status":"publish","type":"post","link":"https:\/\/prizrenpost.com\/al\/pas-humbjes-ne-zgjedhje-orban-heq-dore-nga-mandati-ne-parlament-fidesz-do-te-transformohet-teresisht\/","title":{"rendered":"Pas humbjes n\u00eb zgjedhje, Orban heq dor\u00eb nga mandati n\u00eb Parlament: Fidesz do t\u00eb transformohet t\u00ebr\u00ebsisht"},"content":{"rendered":"<figure class=\"post-featured-image\"><img decoding=\"async\" src=\"https:\/\/prizrenpost.com\/al\/wp-content\/uploads\/2026\/04\/Viktor-Orban.jpg\" alt=\"Pas humbjes n\u00eb zgjedhje, Orban heq dor\u00eb nga mandati n\u00eb Parlament: Fidesz do t\u00eb transformohet t\u00ebr\u00ebsisht\"\/><\/figure>\n<p>Kryeministri hungarez n\u00eb largim, Viktor Orban, ka th\u00ebn\u00eb se nuk do t\u00eb z\u00ebr\u00eb vendin e tij n\u00eb parlamentin e ri pas humbjes n\u00eb zgjedhje, duke njoftuar se do t\u00eb p\u00ebrqendrohet n\u00eb riorganizimin e \u201cl\u00ebvizjes patriotike\u201d t\u00eb vendit.<\/p>\n<p>Orban tha n\u00eb nj\u00eb deklarat\u00eb video t\u00eb shtun\u00ebn se mandati parlamentar q\u00eb ai fitoi si kreu i list\u00ebs Fidesz-KDNP \u201c\u00ebsht\u00eb n\u00eb fakt mandati parlamentar i Fidesz\u201d dhe se p\u00ebr k\u00ebt\u00eb arsye ai ka vendosur ta \u201ckthej\u00eb at\u00eb\u201d.<\/p>\n<p>\u201cTani nuk m\u00eb nevojitet parlamenti, por riorganizimi i l\u00ebvizjes patriotike\u201d, tha ai.<\/p>\n<p>Ky veprim vjen m\u00eb pak se dy jav\u00eb pasi partia Fidesz e Orbanit, e cila dominonte prej koh\u00ebsh, u shtyp nga partia Tisza e Peter Magyar, e cila fitoi 141 nga 199 vendet n\u00eb zgjedhjet parlamentare t\u00eb Hungaris\u00eb m\u00eb 12 prill.<\/p>\n<p>Orban tha se fraksioni parlamentar i Fidesz do t\u00eb \u201ctransformohet rr\u00ebnj\u00ebsisht\u201d dhe se Gergely Gulyas do t\u00eb udh\u00ebheq\u00eb grupin e ri kur t\u00eb formohet t\u00eb h\u00ebn\u00ebn. Ai tha gjithashtu se partia do t\u00eb mbaj\u00eb nj\u00eb asamble komb\u00ebtare jav\u00ebn e ardhshme dhe do ta \u00e7oj\u00eb \u201ckongresin e saj t\u00eb rip\u00ebrt\u00ebritjes\u201d n\u00eb qershor.Pavar\u00ebsisht largimit nga parlamenti, Orban e b\u00ebri t\u00eb qart\u00eb se synon t\u00eb mbetet n\u00eb krye t\u00eb partis\u00eb, duke th\u00ebn\u00eb se udh\u00ebheqja propozoi q\u00eb ai t\u00eb vazhdoj\u00eb si president i Fidesz dhe se \u00ebsht\u00eb gati ta b\u00ebj\u00eb k\u00ebt\u00eb n\u00ebse kongresi rinovon besimin tek ai.<\/p>\n<p>Orban p\u00ebrdori nj\u00eb ton sfidues n\u00eb vend t\u00eb t\u00ebrheqjes, duke u th\u00ebn\u00eb mb\u00ebshtet\u00ebsve se \u201cky kamp ka mbetur komuniteti politik m\u00eb i bashkuar dhe koheziv i Hungaris\u00eb\u201d.<\/p>\n<p>Humbja n\u00eb zgjedhje sh\u00ebnoi p\u00ebrmbysjen m\u00eb t\u00eb madhe t\u00eb karrier\u00ebs s\u00eb Orbanit dhe pritet t\u00eb riform\u00ebsoj\u00eb marr\u00ebdh\u00ebniet e Hungaris\u00eb me BE-n\u00eb dhe SHBA-n\u00eb, si dhe me Rusin\u00eb dhe Ukrain\u00ebn.<\/p>\n<hr style=\"margin:30px 0\"\/>\n<p style=\"font-size:13px;color:#666\">Burimi: <strong>mesazhi<\/strong><\/p>\n","protected":false},"excerpt":{"rendered":"<p>Kryeministri hungarez n\u00eb largim, Viktor Orban, ka th\u00ebn\u00eb se nuk do t\u00eb z\u00ebr\u00eb vendin e tij n\u00eb parlamentin e ri pas humbjes n\u00eb zgjedhje, duke njoftuar se do t\u00eb p\u00ebrqendrohet n\u00eb riorganizimin e \u201cl\u00ebvizjes patriotike\u201d t\u00eb vendit. Orban tha n\u00eb nj\u00eb deklarat\u00eb video t\u00eb shtun\u00ebn se mandati parlamentar q\u00eb ai fitoi si kreu i list\u00ebs [&hellip;]<\/p>\n","protected":false},"author":1,"featured_media":107697,"comment_status":"open","ping_status":"open","sticky":false,"template":"","format":"standard","meta":{"footnotes":""},"categories":[24],"tags":[3803],"class_list":["post-107698","post","type-post","status-publish","format-standard","has-post-thumbnail","hentry","category-bote","tag-aktuale"],"_links":{"self":[{"href":"https:\/\/prizrenpost.com\/al\/wp-json\/wp\/v2\/posts\/107698","targetHints":{"allow":["GET"]}}],"collection":[{"href":"https:\/\/prizrenpost.com\/al\/wp-json\/wp\/v2\/posts"}],"about":[{"href":"https:\/\/prizrenpost.com\/al\/wp-json\/wp\/v2\/types\/post"}],"author":[{"embeddable":true,"href":"https:\/\/prizrenpost.com\/al\/wp-json\/wp\/v2\/users\/1"}],"replies":[{"embeddable":true,"href":"https:\/\/prizrenpost.com\/al\/wp-json\/wp\/v2\/comments?post=107698"}],"version-history":[{"count":0,"href":"https:\/\/prizrenpost.com\/al\/wp-json\/wp\/v2\/posts\/107698\/revisions"}],"wp:featuredmedia":[{"embeddable":true,"href":"https:\/\/prizrenpost.com\/al\/wp-json\/wp\/v2\/media\/107697"}],"wp:attachment":[{"href":"https:\/\/prizrenpost.com\/al\/wp-json\/wp\/v2\/media?parent=107698"}],"wp:term":[{"taxonomy":"category","embeddable":true,"href":"https:\/\/prizrenpost.com\/al\/wp-json\/wp\/v2\/categories?post=107698"},{"taxonomy":"post_tag","embeddable":true,"href":"https:\/\/prizrenpost.com\/al\/wp-json\/wp\/v2\/tags?post=107698"}],"curies":[{"name":"wp","href":"https:\/\/api.w.org\/{rel}","templated":true}]}}