{"id":107704,"date":"2026-04-26T13:55:14","date_gmt":"2026-04-26T10:55:14","guid":{"rendered":"https:\/\/prizrenpost.com\/al\/wall-street-journal-90-miliarde-eurot-e-be-se-mund-te-mos-jene-te-mjaftueshme-per-ukrainen-2\/"},"modified":"2026-04-26T13:55:14","modified_gmt":"2026-04-26T10:55:14","slug":"wall-street-journal-90-miliarde-eurot-e-be-se-mund-te-mos-jene-te-mjaftueshme-per-ukrainen-2","status":"publish","type":"post","link":"https:\/\/prizrenpost.com\/al\/wall-street-journal-90-miliarde-eurot-e-be-se-mund-te-mos-jene-te-mjaftueshme-per-ukrainen-2\/","title":{"rendered":"Wall Street Journal: 90 miliard\u00eb eurot e BE-s\u00eb mund t\u00eb mos jen\u00eb t\u00eb mjaftueshme p\u00ebr Ukrain\u00ebn"},"content":{"rendered":"<figure class=\"post-featured-image\"><img decoding=\"async\" src=\"https:\/\/prizrenpost.com\/al\/wp-content\/uploads\/2026\/04\/800-0-1c243157d1b541e8d51f4ad2917ac6ec-1.jpg\" alt=\"Wall Street Journal: 90 miliard\u00eb eurot e BE-s\u00eb mund t\u00eb mos jen\u00eb t\u00eb mjaftueshme p\u00ebr Ukrain\u00ebn\"\/><\/figure>\n<p>BE-ja do t\u00eb duhet t\u2019i ofroj\u00eb m\u00eb shum\u00eb para Ukrain\u00ebs vitin e ardhsh\u00ebm, p\u00ebrve\u00e7 shum\u00ebs s\u00eb sapomiratuar prej 90 miliard\u00eb eurosh (105 miliard\u00eb dollar\u00eb), raportoi Wall Street Journal, duke cituar burime diplomatike.<\/p>\n<p>T\u00eb enjten, Brukseli njoftoi se kredia pa interes p\u00ebr Kievin \u00ebsht\u00eb finalizuar dhe se do t\u00eb filloj\u00eb shp\u00ebrndarja e saj \u201csa m\u00eb shpejt t\u00eb jet\u00eb e mundur\u201d n\u00eb tremujorin e dyt\u00eb t\u00eb vitit 2026. Presidentja e Komisionit Evropian, Ursula von der Leyen, e p\u00ebrsh\u00ebndeti zhvillimin si \u201cnj\u00eb dit\u00eb t\u00eb mir\u00eb p\u00ebr Ukrain\u00ebn dhe Evrop\u00ebn\u201d.<\/p>\n<p>Miratimi erdhi m\u00eb pak se dy jav\u00eb pasi partia e kryeministrit t\u00eb hersh\u00ebm Viktor Orban, i cili ka v\u00ebn\u00eb veton ndaj transferimit t\u00eb fondeve p\u00ebr muaj t\u00eb t\u00ebr\u00eb p\u00ebr shkak t\u00eb nj\u00eb mosmarr\u00ebveshjeje p\u00ebr energjin\u00eb me Ukrain\u00ebn, p\u00ebsoi nj\u00eb humbje n\u00eb zgjedhjet parlamentare.<\/p>\n<p>WSJ raportoi n\u00eb nj\u00eb artikull t\u00eb premten se shpresat e BE-s\u00eb se transferimi i parave do t\u2019i lejoj\u00eb asaj t\u00eb mb\u00ebshtes\u00eb Ukrain\u00ebn gjat\u00eb konfliktit me Rusin\u00eb deri n\u00eb vitin 2028, ka t\u00eb ngjar\u00eb t\u00eb ken\u00eb qen\u00eb t\u00eb kota.<\/p>\n<p>Diplomat\u00ebt q\u00eb fol\u00ebn me median paralajm\u00ebruan se parat\u00eb e ndara nga Brukseli \u201cmund t\u00eb mos jen\u00eb t\u00eb mjaftueshme\u201d.<\/p>\n<p>Boshll\u00ebku i financimit t\u00eb Kievit p\u00ebr vitin 2027 \u00ebsht\u00eb rritur edhe m\u00eb tej q\u00eb kur paketa u planifikua fillimisht n\u00eb dhjetor, than\u00eb ata.<\/p>\n<p>Ukraina ka nevoj\u00eb p\u00ebr 19 miliard\u00eb euro shtes\u00eb p\u00ebr t\u00eb mbuluar buxhetin e saj vitin e ardhsh\u00ebm, q\u00eb do t\u00eb thot\u00eb se BE-ja mund t\u00eb detyrohet t\u00eb k\u00ebrkoj\u00eb nj\u00eb kredi t\u00eb re shum\u00ebmiliard\u00ebshe brenda 12 muajsh, theksuan diplomat\u00ebt.<\/p>\n<p>Kryetari i K\u00ebshillit Evropian, Antonio Costa, tha se Ukraina do t\u00eb duhet t\u2019i kthej\u00eb parat\u00eb vet\u00ebm pasi t\u00eb marr\u00eb d\u00ebmshp\u00ebrblimet nga Rusia pas p\u00ebrfundimit t\u00eb konfliktit. Moska e ka hedhur posht\u00eb vazhdimisht nj\u00eb skenar t\u00eb till\u00eb, duke th\u00ebn\u00eb se \u00ebsht\u00eb \u201ci shk\u00ebputur nga realiteti\u201d.<\/p>\n<hr style=\"margin:30px 0\"\/>\n<p style=\"font-size:13px;color:#666\">Burimi: <strong>mesazhi<\/strong><\/p>\n","protected":false},"excerpt":{"rendered":"<p>BE-ja do t\u00eb duhet t\u2019i ofroj\u00eb m\u00eb shum\u00eb para Ukrain\u00ebs vitin e ardhsh\u00ebm, p\u00ebrve\u00e7 shum\u00ebs s\u00eb sapomiratuar prej 90 miliard\u00eb eurosh (105 miliard\u00eb dollar\u00eb), raportoi Wall Street Journal, duke cituar burime diplomatike. T\u00eb enjten, Brukseli njoftoi se kredia pa interes p\u00ebr Kievin \u00ebsht\u00eb finalizuar dhe se do t\u00eb filloj\u00eb shp\u00ebrndarja e saj \u201csa m\u00eb shpejt [&hellip;]<\/p>\n","protected":false},"author":1,"featured_media":107703,"comment_status":"open","ping_status":"open","sticky":false,"template":"","format":"standard","meta":{"footnotes":""},"categories":[24],"tags":[3803],"class_list":["post-107704","post","type-post","status-publish","format-standard","has-post-thumbnail","hentry","category-bote","tag-aktuale"],"_links":{"self":[{"href":"https:\/\/prizrenpost.com\/al\/wp-json\/wp\/v2\/posts\/107704","targetHints":{"allow":["GET"]}}],"collection":[{"href":"https:\/\/prizrenpost.com\/al\/wp-json\/wp\/v2\/posts"}],"about":[{"href":"https:\/\/prizrenpost.com\/al\/wp-json\/wp\/v2\/types\/post"}],"author":[{"embeddable":true,"href":"https:\/\/prizrenpost.com\/al\/wp-json\/wp\/v2\/users\/1"}],"replies":[{"embeddable":true,"href":"https:\/\/prizrenpost.com\/al\/wp-json\/wp\/v2\/comments?post=107704"}],"version-history":[{"count":0,"href":"https:\/\/prizrenpost.com\/al\/wp-json\/wp\/v2\/posts\/107704\/revisions"}],"wp:featuredmedia":[{"embeddable":true,"href":"https:\/\/prizrenpost.com\/al\/wp-json\/wp\/v2\/media\/107703"}],"wp:attachment":[{"href":"https:\/\/prizrenpost.com\/al\/wp-json\/wp\/v2\/media?parent=107704"}],"wp:term":[{"taxonomy":"category","embeddable":true,"href":"https:\/\/prizrenpost.com\/al\/wp-json\/wp\/v2\/categories?post=107704"},{"taxonomy":"post_tag","embeddable":true,"href":"https:\/\/prizrenpost.com\/al\/wp-json\/wp\/v2\/tags?post=107704"}],"curies":[{"name":"wp","href":"https:\/\/api.w.org\/{rel}","templated":true}]}}