{"id":107708,"date":"2026-04-26T14:25:17","date_gmt":"2026-04-26T11:25:17","guid":{"rendered":"https:\/\/prizrenpost.com\/al\/nje-termet-me-magnitude-3-6-godet-norvegjine-lindore-me-i-fuqishmi-ne-mbi-dy-dekada\/"},"modified":"2026-04-26T14:25:17","modified_gmt":"2026-04-26T11:25:17","slug":"nje-termet-me-magnitude-3-6-godet-norvegjine-lindore-me-i-fuqishmi-ne-mbi-dy-dekada","status":"publish","type":"post","link":"https:\/\/prizrenpost.com\/al\/nje-termet-me-magnitude-3-6-godet-norvegjine-lindore-me-i-fuqishmi-ne-mbi-dy-dekada\/","title":{"rendered":"Nj\u00eb t\u00ebrmet me magnitud\u00eb 3.6 godet Norvegjin\u00eb lindore, m\u00eb i fuqishmi n\u00eb mbi dy dekada"},"content":{"rendered":"<figure class=\"post-featured-image\"><img decoding=\"async\" src=\"https:\/\/prizrenpost.com\/al\/wp-content\/uploads\/2026\/04\/thumbs_b_c_88ba609ef91064c60ef8bdfbaced3eb8.jpg\" alt=\"Nj\u00eb t\u00ebrmet me magnitud\u00eb 3.6 godet Norvegjin\u00eb lindore, m\u00eb i fuqishmi n\u00eb mbi dy dekada\"\/><\/figure>\n<p>Nj\u00eb t\u00ebrmet me magnitud\u00eb 3.6 ka goditur pjes\u00eb t\u00eb gjera t\u00eb Norvegjis\u00eb lindore m\u00ebngjesin e sot\u00ebm, m\u00eb i fuqishmi q\u00eb ka prekur rajonin n\u00eb m\u00eb shum\u00eb se 20 vjet, transmeton Anadolu.<\/p>\n<p>Sipas Matric\u00ebs Sizmike Norvegjeze (NORSAR), l\u00ebkundjet u ndjen\u00eb gjer\u00ebsisht n\u00eb zon\u00ebn e kryeqytetit Oslo dhe rajonet p\u00ebrreth, nd\u00ebrsa epiqendra u regjistrua pran\u00eb Jessheim-it, n\u00eb verilindje t\u00eb kryeqytetit.<\/p>\n<p>Autoritetet than\u00eb se nuk ka raportime t\u00eb menj\u00ebhershme p\u00ebr t\u00eb l\u00ebnduar apo d\u00ebme t\u00eb konsiderueshme.<\/p>\n<p>\u201cNjer\u00ebzit kan\u00eb raportuar l\u00ebkundje t\u00eb forta, por nuk presim shkat\u00ebrrime\u201d, tha Berit Marie Storheim nga Rrjeti Komb\u00ebtar Sizmik Norvegjez.<\/p>\n<p>Policia tha se mori shum\u00eb telefonata nga banor\u00ebt q\u00eb ndjen\u00eb t\u00ebrmetin, por konfirmoi se nuk jan\u00eb regjistruar incidente serioze. Sh\u00ebrbimet emergjente mbet\u00ebn n\u00eb gatishm\u00ebri teksa vler\u00ebsimet vazhdojn\u00eb.<\/p>\n<p>NORSAR fillimisht e vler\u00ebsoi t\u00ebrmetin me magnitud\u00eb 3.3 p\u00ebrpara se ta rishikonte n\u00eb rritje. Agjencia tha se t\u00ebrmeti i fundit m\u00eb i fort\u00eb n\u00eb rajon ndodhi n\u00eb vitin 2004.<\/p>\n<p>Megjith\u00ebse u ndje gjer\u00ebsisht, ky nuk ishte i paprecedent\u00eb. T\u00ebrmeti m\u00eb i madh i regjistruar n\u00eb rajonin e Oslos, n\u00eb vitin 1904, kishte magnitud\u00eb 5.4.<\/p>\n<hr style=\"margin:30px 0\"\/>\n<p style=\"font-size:13px;color:#666\">Burimi: <strong>mesazhi<\/strong><\/p>\n","protected":false},"excerpt":{"rendered":"<p>Nj\u00eb t\u00ebrmet me magnitud\u00eb 3.6 ka goditur pjes\u00eb t\u00eb gjera t\u00eb Norvegjis\u00eb lindore m\u00ebngjesin e sot\u00ebm, m\u00eb i fuqishmi q\u00eb ka prekur rajonin n\u00eb m\u00eb shum\u00eb se 20 vjet, transmeton Anadolu. Sipas Matric\u00ebs Sizmike Norvegjeze (NORSAR), l\u00ebkundjet u ndjen\u00eb gjer\u00ebsisht n\u00eb zon\u00ebn e kryeqytetit Oslo dhe rajonet p\u00ebrreth, nd\u00ebrsa epiqendra u regjistrua pran\u00eb Jessheim-it, n\u00eb [&hellip;]<\/p>\n","protected":false},"author":1,"featured_media":107707,"comment_status":"open","ping_status":"open","sticky":false,"template":"","format":"standard","meta":{"footnotes":""},"categories":[24],"tags":[3803],"class_list":["post-107708","post","type-post","status-publish","format-standard","has-post-thumbnail","hentry","category-bote","tag-aktuale"],"_links":{"self":[{"href":"https:\/\/prizrenpost.com\/al\/wp-json\/wp\/v2\/posts\/107708","targetHints":{"allow":["GET"]}}],"collection":[{"href":"https:\/\/prizrenpost.com\/al\/wp-json\/wp\/v2\/posts"}],"about":[{"href":"https:\/\/prizrenpost.com\/al\/wp-json\/wp\/v2\/types\/post"}],"author":[{"embeddable":true,"href":"https:\/\/prizrenpost.com\/al\/wp-json\/wp\/v2\/users\/1"}],"replies":[{"embeddable":true,"href":"https:\/\/prizrenpost.com\/al\/wp-json\/wp\/v2\/comments?post=107708"}],"version-history":[{"count":0,"href":"https:\/\/prizrenpost.com\/al\/wp-json\/wp\/v2\/posts\/107708\/revisions"}],"wp:featuredmedia":[{"embeddable":true,"href":"https:\/\/prizrenpost.com\/al\/wp-json\/wp\/v2\/media\/107707"}],"wp:attachment":[{"href":"https:\/\/prizrenpost.com\/al\/wp-json\/wp\/v2\/media?parent=107708"}],"wp:term":[{"taxonomy":"category","embeddable":true,"href":"https:\/\/prizrenpost.com\/al\/wp-json\/wp\/v2\/categories?post=107708"},{"taxonomy":"post_tag","embeddable":true,"href":"https:\/\/prizrenpost.com\/al\/wp-json\/wp\/v2\/tags?post=107708"}],"curies":[{"name":"wp","href":"https:\/\/api.w.org\/{rel}","templated":true}]}}