{"id":107710,"date":"2026-04-26T14:45:18","date_gmt":"2026-04-26T11:45:18","guid":{"rendered":"https:\/\/prizrenpost.com\/al\/kryediplomati-turk-zhvillon-bisede-telefonike-me-negociatoret-amerikane-per-iranin\/"},"modified":"2026-04-26T14:45:18","modified_gmt":"2026-04-26T11:45:18","slug":"kryediplomati-turk-zhvillon-bisede-telefonike-me-negociatoret-amerikane-per-iranin","status":"publish","type":"post","link":"https:\/\/prizrenpost.com\/al\/kryediplomati-turk-zhvillon-bisede-telefonike-me-negociatoret-amerikane-per-iranin\/","title":{"rendered":"Kryediplomati turk zhvillon bised\u00eb telefonike me negociator\u00ebt amerikan\u00eb p\u00ebr Iranin"},"content":{"rendered":"<figure class=\"post-featured-image\"><img decoding=\"async\" src=\"https:\/\/prizrenpost.com\/al\/wp-content\/uploads\/2026\/04\/thumbs_b_c_e0cd0f504d9c9f61af5dd47e54901cfd.jpg\" alt=\"Kryediplomati turk zhvillon bised\u00eb telefonike me negociator\u00ebt amerikan\u00eb p\u00ebr Iranin\"\/><\/figure>\n<p>Ministri i Pun\u00ebve t\u00eb Jashtme i Turqis\u00eb, Hakan Fidan, ka zhvilluar nj\u00eb bised\u00eb telefonike me negociator\u00ebt amerikan\u00eb t\u00eb p\u00ebrfshir\u00eb n\u00eb p\u00ebrpjekjet p\u00ebr t\u2019i dh\u00ebn\u00eb fund luft\u00ebs n\u00eb Iran, raporton Anadolu.<\/p>\n<p>Burime nga Ministria e Pun\u00ebve t\u00eb Jashtme than\u00eb se Fidan shk\u00ebmbeu mendime me pal\u00ebn amerikane mbi zhvillimet m\u00eb t\u00eb fundit n\u00eb negociatat mes SHBA-s\u00eb dhe Iranit.<\/p>\n<p>Pakistani nd\u00ebrmjet\u00ebsoi nj\u00eb arm\u00ebpushim m\u00eb 8 prill dhe raundi i par\u00eb i bisedimeve p\u00ebr paqe SHBA-Iran u mbajt tre dit\u00eb m\u00eb von\u00eb n\u00eb Islamabad, por nuk u arrit marr\u00ebveshje. P\u00ebrpjekjet p\u00ebr t\u00eb ringjallur negociatat e ngecura jan\u00eb duke vazhduar.<\/p>\n<p>Ministri iranian i Pun\u00ebve t\u00eb Jashtme, Abbas Araghchi, dje n\u00eb Islamabad u takua me kryeministrin e Pakistanit, Shehbaz Sharif dhe shefin e ushtris\u00eb, Asim Munir, nd\u00ebrsa vizita e t\u00eb d\u00ebrguarve amerikan\u00eb Steve Witkoff dhe Jared Kushner n\u00eb kryeqytetin pakistanez u anulua.<\/p>\n<p>Pikat kryesore t\u00eb mosmarr\u00ebveshjes mes dy pal\u00ebve thuhet se jan\u00eb hapja e Ngushtic\u00ebs s\u00eb Hormuzit, nj\u00eb nyje ky\u00e7e globale e transportit detar t\u00eb cil\u00ebn Irani e ka mbyllur n\u00eb m\u00ebnyr\u00eb efektive q\u00eb nga sulmi i SHBA-s\u00eb dhe Izraelit m\u00eb 28 shkurt, bllokada amerikane e porteve iraniane dhe fati i uraniumit t\u00eb pasuruar q\u00eb zot\u00ebron Teherani.<\/p>\n<hr style=\"margin:30px 0\"\/>\n<p style=\"font-size:13px;color:#666\">Burimi: <strong>mesazhi<\/strong><\/p>\n","protected":false},"excerpt":{"rendered":"<p>Ministri i Pun\u00ebve t\u00eb Jashtme i Turqis\u00eb, Hakan Fidan, ka zhvilluar nj\u00eb bised\u00eb telefonike me negociator\u00ebt amerikan\u00eb t\u00eb p\u00ebrfshir\u00eb n\u00eb p\u00ebrpjekjet p\u00ebr t\u2019i dh\u00ebn\u00eb fund luft\u00ebs n\u00eb Iran, raporton Anadolu. Burime nga Ministria e Pun\u00ebve t\u00eb Jashtme than\u00eb se Fidan shk\u00ebmbeu mendime me pal\u00ebn amerikane mbi zhvillimet m\u00eb t\u00eb fundit n\u00eb negociatat mes SHBA-s\u00eb dhe [&hellip;]<\/p>\n","protected":false},"author":1,"featured_media":107709,"comment_status":"open","ping_status":"open","sticky":false,"template":"","format":"standard","meta":{"footnotes":""},"categories":[24],"tags":[3803],"class_list":["post-107710","post","type-post","status-publish","format-standard","has-post-thumbnail","hentry","category-bote","tag-aktuale"],"_links":{"self":[{"href":"https:\/\/prizrenpost.com\/al\/wp-json\/wp\/v2\/posts\/107710","targetHints":{"allow":["GET"]}}],"collection":[{"href":"https:\/\/prizrenpost.com\/al\/wp-json\/wp\/v2\/posts"}],"about":[{"href":"https:\/\/prizrenpost.com\/al\/wp-json\/wp\/v2\/types\/post"}],"author":[{"embeddable":true,"href":"https:\/\/prizrenpost.com\/al\/wp-json\/wp\/v2\/users\/1"}],"replies":[{"embeddable":true,"href":"https:\/\/prizrenpost.com\/al\/wp-json\/wp\/v2\/comments?post=107710"}],"version-history":[{"count":0,"href":"https:\/\/prizrenpost.com\/al\/wp-json\/wp\/v2\/posts\/107710\/revisions"}],"wp:featuredmedia":[{"embeddable":true,"href":"https:\/\/prizrenpost.com\/al\/wp-json\/wp\/v2\/media\/107709"}],"wp:attachment":[{"href":"https:\/\/prizrenpost.com\/al\/wp-json\/wp\/v2\/media?parent=107710"}],"wp:term":[{"taxonomy":"category","embeddable":true,"href":"https:\/\/prizrenpost.com\/al\/wp-json\/wp\/v2\/categories?post=107710"},{"taxonomy":"post_tag","embeddable":true,"href":"https:\/\/prizrenpost.com\/al\/wp-json\/wp\/v2\/tags?post=107710"}],"curies":[{"name":"wp","href":"https:\/\/api.w.org\/{rel}","templated":true}]}}