{"id":107712,"date":"2026-04-26T15:15:10","date_gmt":"2026-04-26T12:15:10","guid":{"rendered":"https:\/\/prizrenpost.com\/al\/presidenti-iranian-teherani-nuk-do-te-angazhohet-ne-bisedime-nen-presion-apo-bllokade\/"},"modified":"2026-04-26T15:15:10","modified_gmt":"2026-04-26T12:15:10","slug":"presidenti-iranian-teherani-nuk-do-te-angazhohet-ne-bisedime-nen-presion-apo-bllokade","status":"publish","type":"post","link":"https:\/\/prizrenpost.com\/al\/presidenti-iranian-teherani-nuk-do-te-angazhohet-ne-bisedime-nen-presion-apo-bllokade\/","title":{"rendered":"Presidenti iranian: Teherani nuk do t\u00eb angazhohet n\u00eb bisedime n\u00ebn presion apo bllokad\u00eb"},"content":{"rendered":"<figure class=\"post-featured-image\"><img decoding=\"async\" src=\"https:\/\/prizrenpost.com\/al\/wp-content\/uploads\/2026\/04\/Masoud-Pezeshkian.jpg\" alt=\"Presidenti iranian: Teherani nuk do t\u00eb angazhohet n\u00eb bisedime n\u00ebn presion apo bllokad\u00eb\"\/><\/figure>\n<p>Presidenti i Iranit, Masoud Pezeshkian, ka deklaruar se Teherani nuk do t\u00eb angazhohet n\u00eb bisedime n\u00ebn presion, k\u00ebrc\u00ebnime apo bllokad\u00eb, duke theksuar se rind\u00ebrtimi i besimit k\u00ebrkon ndalimin e masave armiq\u00ebsore dhe garanci q\u00eb ato t\u00eb mos p\u00ebrs\u00ebriten, transmeton Anadolu.<\/p>\n<p>Sipas presidenc\u00ebs iraniane, n\u00eb nj\u00eb bised\u00eb telefonike me kryeministrin e Pakistanit, Shehbaz Sharif, presidenti Pezeshkian tha se arritja e nj\u00eb baze t\u00eb p\u00ebrbashk\u00ebt dhe krijimi i nj\u00eb mjedisi t\u00eb p\u00ebrshtatsh\u00ebm p\u00ebr dialog efektiv jan\u00eb thelb\u00ebsore p\u00ebr \u00e7do p\u00ebrparim.<\/p>\n<p>Ai tha se negociatat e m\u00ebparshme vet\u00ebm sa kan\u00eb thelluar mosbesimin publik n\u00eb Iran dhe se diskutimet p\u00ebr dialog paralelisht me sanksione, presion dhe bllokad\u00eb minojn\u00eb besimin mes pal\u00ebve.<\/p>\n<p>Pezeshkian theksoi se ndalimi i politikave armiq\u00ebsore dhe sigurimi q\u00eb ato t\u00eb mos p\u00ebrs\u00ebriten jan\u00eb kushte t\u00eb domosdoshme p\u00ebr zgjidhjen e mosmarr\u00ebveshjeve.<\/p>\n<p>Ai gjithashtu tha se rritja e pranis\u00eb ushtarake e nd\u00ebrlikon m\u00eb tej situat\u00ebn dhe dob\u00ebson klim\u00ebn e nevojshme p\u00ebr dialog.<\/p>\n<p>K\u00ebto deklarata vijn\u00eb pasi Pakistan vazhdon p\u00ebrpjekjet p\u00ebr t\u00eb ringjallur bisedimet e ngecura mes Iranit dhe SHBA-s\u00eb pas jav\u00ebsh p\u00ebrshkall\u00ebzimi n\u00eb rajon.<\/p>\n<p>Raundi i par\u00eb i bisedimeve u mbajt n\u00eb Islamabad dy jav\u00eb m\u00eb par\u00eb, por nuk arriti t\u00eb prodhoj\u00eb nj\u00eb marr\u00ebveshje p\u00ebr t\u2019i dh\u00ebn\u00eb fund luft\u00ebs q\u00eb nisi m\u00eb 28 shkurt dhe m\u00eb pas u p\u00ebrhap n\u00eb Lindjen e Mesme.<\/p>\n<p>Bisedimet pasuan nj\u00eb arm\u00ebpushim dyjavor t\u00eb nd\u00ebrmjet\u00ebsuar nga Pakistani m\u00eb 8 prill, i cili m\u00eb von\u00eb u zgjat nga presidenti amerikan, Donald Trump.<\/p>\n<hr style=\"margin:30px 0\"\/>\n<p style=\"font-size:13px;color:#666\">Burimi: <strong>mesazhi<\/strong><\/p>\n","protected":false},"excerpt":{"rendered":"<p>Presidenti i Iranit, Masoud Pezeshkian, ka deklaruar se Teherani nuk do t\u00eb angazhohet n\u00eb bisedime n\u00ebn presion, k\u00ebrc\u00ebnime apo bllokad\u00eb, duke theksuar se rind\u00ebrtimi i besimit k\u00ebrkon ndalimin e masave armiq\u00ebsore dhe garanci q\u00eb ato t\u00eb mos p\u00ebrs\u00ebriten, transmeton Anadolu. Sipas presidenc\u00ebs iraniane, n\u00eb nj\u00eb bised\u00eb telefonike me kryeministrin e Pakistanit, Shehbaz Sharif, presidenti Pezeshkian [&hellip;]<\/p>\n","protected":false},"author":1,"featured_media":107711,"comment_status":"open","ping_status":"open","sticky":false,"template":"","format":"standard","meta":{"footnotes":""},"categories":[24],"tags":[3803],"class_list":["post-107712","post","type-post","status-publish","format-standard","has-post-thumbnail","hentry","category-bote","tag-aktuale"],"_links":{"self":[{"href":"https:\/\/prizrenpost.com\/al\/wp-json\/wp\/v2\/posts\/107712","targetHints":{"allow":["GET"]}}],"collection":[{"href":"https:\/\/prizrenpost.com\/al\/wp-json\/wp\/v2\/posts"}],"about":[{"href":"https:\/\/prizrenpost.com\/al\/wp-json\/wp\/v2\/types\/post"}],"author":[{"embeddable":true,"href":"https:\/\/prizrenpost.com\/al\/wp-json\/wp\/v2\/users\/1"}],"replies":[{"embeddable":true,"href":"https:\/\/prizrenpost.com\/al\/wp-json\/wp\/v2\/comments?post=107712"}],"version-history":[{"count":0,"href":"https:\/\/prizrenpost.com\/al\/wp-json\/wp\/v2\/posts\/107712\/revisions"}],"wp:featuredmedia":[{"embeddable":true,"href":"https:\/\/prizrenpost.com\/al\/wp-json\/wp\/v2\/media\/107711"}],"wp:attachment":[{"href":"https:\/\/prizrenpost.com\/al\/wp-json\/wp\/v2\/media?parent=107712"}],"wp:term":[{"taxonomy":"category","embeddable":true,"href":"https:\/\/prizrenpost.com\/al\/wp-json\/wp\/v2\/categories?post=107712"},{"taxonomy":"post_tag","embeddable":true,"href":"https:\/\/prizrenpost.com\/al\/wp-json\/wp\/v2\/tags?post=107712"}],"curies":[{"name":"wp","href":"https:\/\/api.w.org\/{rel}","templated":true}]}}