{"id":107714,"date":"2026-04-26T15:30:15","date_gmt":"2026-04-26T12:30:15","guid":{"rendered":"https:\/\/prizrenpost.com\/al\/presidenti-turk-denon-incidentin-me-te-shtena-ne-darken-e-korrespondenteve-te-shtepise-se-bardhe\/"},"modified":"2026-04-26T15:30:15","modified_gmt":"2026-04-26T12:30:15","slug":"presidenti-turk-denon-incidentin-me-te-shtena-ne-darken-e-korrespondenteve-te-shtepise-se-bardhe","status":"publish","type":"post","link":"https:\/\/prizrenpost.com\/al\/presidenti-turk-denon-incidentin-me-te-shtena-ne-darken-e-korrespondenteve-te-shtepise-se-bardhe\/","title":{"rendered":"Presidenti turk d\u00ebnon incidentin me t\u00eb sht\u00ebna n\u00eb dark\u00ebn e korrespondent\u00ebve t\u00eb Sht\u00ebpis\u00eb s\u00eb Bardh\u00eb"},"content":{"rendered":"<figure class=\"post-featured-image\"><img decoding=\"async\" src=\"https:\/\/prizrenpost.com\/al\/wp-content\/uploads\/2026\/04\/thumbs_b_c_726254cdf29952b21c57cf994ff5731a.jpg\" alt=\"Presidenti turk d\u00ebnon incidentin me t\u00eb sht\u00ebna n\u00eb dark\u00ebn e korrespondent\u00ebve t\u00eb Sht\u00ebpis\u00eb s\u00eb Bardh\u00eb\"\/><\/figure>\n<p>Presidenti i Turqis\u00eb, Recep Tayyip Erdogan, ka d\u00ebnuar incidentin me t\u00eb sht\u00ebna n\u00eb dark\u00ebn e korrespondent\u00ebve t\u00eb Sht\u00ebpis\u00eb s\u00eb Bardh\u00eb n\u00eb Washington, transmeton Anadolu.<\/p>\n<p>\u201c\u00cbsht\u00eb qet\u00ebsuese p\u00ebr ne q\u00eb askush nuk u l\u00ebndua, ve\u00e7an\u00ebrisht presidenti amerikan Donald Trump dhe bashk\u00ebshortja e tij e nderuar Melania Trump\u201d, tha Erdogan n\u00eb nj\u00eb postim n\u00eb platform\u00ebn turke t\u00eb mediave sociale NSosyal.<\/p>\n<p>Erdogan theksoi se n\u00eb demokraci, p\u00ebrballjet zhvillohen p\u00ebrmes ideve dhe se \u201cnuk ka vend p\u00ebr asnj\u00eb form\u00eb dhune\u201d.<\/p>\n<p>Sulmi ndodhi t\u00eb shtun\u00ebn n\u00eb mbr\u00ebmje n\u00eb hotelin Washington Hilton, ku po mbahej darka vjetore. Nj\u00eb i dyshuar, i identifikuar nga mediat amerikane si nj\u00eb 31-vje\u00e7ar, \u00ebsht\u00eb arrestuar, nd\u00ebrsa autoritetet po hetojn\u00eb motivet e tij. Sipas zyrtar\u00ebve, nj\u00eb oficer i Sh\u00ebrbimit Sekret u q\u00ebllua, por u mbrojt nga jeleku antiplumb dhe po sh\u00ebrohet.<\/p>\n<hr style=\"margin:30px 0\"\/>\n<p style=\"font-size:13px;color:#666\">Burimi: <strong>mesazhi<\/strong><\/p>\n","protected":false},"excerpt":{"rendered":"<p>Presidenti i Turqis\u00eb, Recep Tayyip Erdogan, ka d\u00ebnuar incidentin me t\u00eb sht\u00ebna n\u00eb dark\u00ebn e korrespondent\u00ebve t\u00eb Sht\u00ebpis\u00eb s\u00eb Bardh\u00eb n\u00eb Washington, transmeton Anadolu. \u201c\u00cbsht\u00eb qet\u00ebsuese p\u00ebr ne q\u00eb askush nuk u l\u00ebndua, ve\u00e7an\u00ebrisht presidenti amerikan Donald Trump dhe bashk\u00ebshortja e tij e nderuar Melania Trump\u201d, tha Erdogan n\u00eb nj\u00eb postim n\u00eb platform\u00ebn turke t\u00eb [&hellip;]<\/p>\n","protected":false},"author":1,"featured_media":107713,"comment_status":"open","ping_status":"open","sticky":false,"template":"","format":"standard","meta":{"footnotes":""},"categories":[24],"tags":[3803],"class_list":["post-107714","post","type-post","status-publish","format-standard","has-post-thumbnail","hentry","category-bote","tag-aktuale"],"_links":{"self":[{"href":"https:\/\/prizrenpost.com\/al\/wp-json\/wp\/v2\/posts\/107714","targetHints":{"allow":["GET"]}}],"collection":[{"href":"https:\/\/prizrenpost.com\/al\/wp-json\/wp\/v2\/posts"}],"about":[{"href":"https:\/\/prizrenpost.com\/al\/wp-json\/wp\/v2\/types\/post"}],"author":[{"embeddable":true,"href":"https:\/\/prizrenpost.com\/al\/wp-json\/wp\/v2\/users\/1"}],"replies":[{"embeddable":true,"href":"https:\/\/prizrenpost.com\/al\/wp-json\/wp\/v2\/comments?post=107714"}],"version-history":[{"count":0,"href":"https:\/\/prizrenpost.com\/al\/wp-json\/wp\/v2\/posts\/107714\/revisions"}],"wp:featuredmedia":[{"embeddable":true,"href":"https:\/\/prizrenpost.com\/al\/wp-json\/wp\/v2\/media\/107713"}],"wp:attachment":[{"href":"https:\/\/prizrenpost.com\/al\/wp-json\/wp\/v2\/media?parent=107714"}],"wp:term":[{"taxonomy":"category","embeddable":true,"href":"https:\/\/prizrenpost.com\/al\/wp-json\/wp\/v2\/categories?post=107714"},{"taxonomy":"post_tag","embeddable":true,"href":"https:\/\/prizrenpost.com\/al\/wp-json\/wp\/v2\/tags?post=107714"}],"curies":[{"name":"wp","href":"https:\/\/api.w.org\/{rel}","templated":true}]}}