{"id":107716,"date":"2026-04-26T15:45:11","date_gmt":"2026-04-26T12:45:11","guid":{"rendered":"https:\/\/prizrenpost.com\/al\/siria-zhvillon-gjykim-publik-per-kusheririn-e-assadit-per-krime-kunder-civileve\/"},"modified":"2026-04-26T15:45:11","modified_gmt":"2026-04-26T12:45:11","slug":"siria-zhvillon-gjykim-publik-per-kusheririn-e-assadit-per-krime-kunder-civileve","status":"publish","type":"post","link":"https:\/\/prizrenpost.com\/al\/siria-zhvillon-gjykim-publik-per-kusheririn-e-assadit-per-krime-kunder-civileve\/","title":{"rendered":"Siria zhvillon gjykim publik p\u00ebr kush\u00ebririn e Assadit p\u00ebr krime kund\u00ebr civil\u00ebve"},"content":{"rendered":"<figure class=\"post-featured-image\"><img decoding=\"async\" src=\"https:\/\/prizrenpost.com\/al\/wp-content\/uploads\/2026\/04\/Atef-Najib.jpg\" alt=\"Siria zhvillon gjykim publik p\u00ebr kush\u00ebririn e Assadit p\u00ebr krime kund\u00ebr civil\u00ebve\"\/><\/figure>\n<p>Atef Najib, kush\u00ebri i ish-presidentit t\u00eb rr\u00ebzuar Bashar al-Assad dhe ish-shef i siguris\u00eb politike n\u00eb qytetin sirian Daraa, \u00ebsht\u00eb paraqitur para Gjykat\u00ebs s\u00eb Kat\u00ebrt Penale n\u00eb Damask, transmeto Anadolu.<\/p>\n<p>Televizioni Al-Ikhbariya transmetoi pamje video ku Najib shihet n\u00eb kafazin e t\u00eb akuzuarit, pasi ishte sjell\u00eb n\u00eb gjykat\u00eb n\u00eb kryeqytetin sirian.<\/p>\n<p>\u201cGjykimet e para t\u00eb drejt\u00ebsis\u00eb tranzicionale n\u00eb Siri p\u00ebrfshijn\u00eb nj\u00eb t\u00eb ndaluar (Atef Najib) dhe t\u00eb pandehurit q\u00eb jan\u00eb n\u00eb arrati\u201d, citoi kanali nj\u00eb gjyqtar t\u00eb paidentifikuar.<\/p>\n<p>Mes t\u00eb arratisurve jan\u00eb Bashar al-Assad dhe v\u00ebllai i tij Maher Assad, komandant i Divizionit t\u00eb Kat\u00ebrt, si dhe ish-ministri i Mbrojtjes, Fahd Jassem al-Freij, ish-shefi i inteligjenc\u00ebs ushtarake n\u00eb Daraa, Laith al-Ali dhe ish-shefi i inteligjenc\u00ebs ushtarake n\u00eb provinc\u00ebn Suwayda, Wafiq Nasser.<\/p>\n<p>Gjyqtari njoftoi shtyrjen e seanc\u00ebs deri m\u00eb 10 maj.<\/p>\n<p>Najib, i cili u arrestua n\u00eb janar t\u00eb vitit t\u00eb kaluar, u diplomua n\u00eb Akademin\u00eb Ushtarake para se t\u00eb bashkohej me sh\u00ebrbimet e inteligjenc\u00ebs, ku mbajti disa pozita, p\u00ebrfshir\u00eb Deg\u00ebn e Siguris\u00eb Politike n\u00eb Daraa.<\/p>\n<p>Ai akuzohet si nj\u00eb nga t\u00eb par\u00ebt q\u00eb kreu shkelje ndaj civil\u00ebve n\u00eb Daraa, qyteti ku nisi kryengritja e vitit 2011.<\/p>\n<p>Ai gjithashtu faj\u00ebsohet p\u00ebr arrestimin dhe torturimin e f\u00ebmij\u00ebve n\u00eb Daraa q\u00eb kishin shkruar slogane kund\u00ebr regjimit n\u00eb mure, nj\u00eb incident q\u00eb nxiti protestat e para n\u00eb Siri.<\/p>\n<p>N\u00eb dhjetor t\u00eb vitit 2024, al-Assad, i cili sundoi Sirin\u00eb p\u00ebr gati 25 vjet, u arratis n\u00eb Rusi, duke i dh\u00ebn\u00eb fund sundimit dekadash t\u00eb Partis\u00eb Baath q\u00eb nisi n\u00eb vitin 1963. Nj\u00eb administrat\u00eb tranzitore e udh\u00ebhequr nga presidenti Ahmad al-Sharaa u formua n\u00eb janar t\u00eb vitit 2025.<\/p>\n<hr style=\"margin:30px 0\"\/>\n<p style=\"font-size:13px;color:#666\">Burimi: <strong>mesazhi<\/strong><\/p>\n","protected":false},"excerpt":{"rendered":"<p>Atef Najib, kush\u00ebri i ish-presidentit t\u00eb rr\u00ebzuar Bashar al-Assad dhe ish-shef i siguris\u00eb politike n\u00eb qytetin sirian Daraa, \u00ebsht\u00eb paraqitur para Gjykat\u00ebs s\u00eb Kat\u00ebrt Penale n\u00eb Damask, transmeto Anadolu. Televizioni Al-Ikhbariya transmetoi pamje video ku Najib shihet n\u00eb kafazin e t\u00eb akuzuarit, pasi ishte sjell\u00eb n\u00eb gjykat\u00eb n\u00eb kryeqytetin sirian. \u201cGjykimet e para t\u00eb drejt\u00ebsis\u00eb [&hellip;]<\/p>\n","protected":false},"author":1,"featured_media":107715,"comment_status":"open","ping_status":"open","sticky":false,"template":"","format":"standard","meta":{"footnotes":""},"categories":[24],"tags":[3803],"class_list":["post-107716","post","type-post","status-publish","format-standard","has-post-thumbnail","hentry","category-bote","tag-aktuale"],"_links":{"self":[{"href":"https:\/\/prizrenpost.com\/al\/wp-json\/wp\/v2\/posts\/107716","targetHints":{"allow":["GET"]}}],"collection":[{"href":"https:\/\/prizrenpost.com\/al\/wp-json\/wp\/v2\/posts"}],"about":[{"href":"https:\/\/prizrenpost.com\/al\/wp-json\/wp\/v2\/types\/post"}],"author":[{"embeddable":true,"href":"https:\/\/prizrenpost.com\/al\/wp-json\/wp\/v2\/users\/1"}],"replies":[{"embeddable":true,"href":"https:\/\/prizrenpost.com\/al\/wp-json\/wp\/v2\/comments?post=107716"}],"version-history":[{"count":0,"href":"https:\/\/prizrenpost.com\/al\/wp-json\/wp\/v2\/posts\/107716\/revisions"}],"wp:featuredmedia":[{"embeddable":true,"href":"https:\/\/prizrenpost.com\/al\/wp-json\/wp\/v2\/media\/107715"}],"wp:attachment":[{"href":"https:\/\/prizrenpost.com\/al\/wp-json\/wp\/v2\/media?parent=107716"}],"wp:term":[{"taxonomy":"category","embeddable":true,"href":"https:\/\/prizrenpost.com\/al\/wp-json\/wp\/v2\/categories?post=107716"},{"taxonomy":"post_tag","embeddable":true,"href":"https:\/\/prizrenpost.com\/al\/wp-json\/wp\/v2\/tags?post=107716"}],"curies":[{"name":"wp","href":"https:\/\/api.w.org\/{rel}","templated":true}]}}