{"id":107728,"date":"2026-04-26T18:05:11","date_gmt":"2026-04-26T15:05:11","guid":{"rendered":"https:\/\/prizrenpost.com\/al\/varroset-nena-e-pese-femijeve-e-vrare-ne-nje-sulm-izraelit-ne-gaza\/"},"modified":"2026-04-26T18:05:11","modified_gmt":"2026-04-26T15:05:11","slug":"varroset-nena-e-pese-femijeve-e-vrare-ne-nje-sulm-izraelit-ne-gaza","status":"publish","type":"post","link":"https:\/\/prizrenpost.com\/al\/varroset-nena-e-pese-femijeve-e-vrare-ne-nje-sulm-izraelit-ne-gaza\/","title":{"rendered":"Varroset n\u00ebna e pes\u00eb f\u00ebmij\u00ebve, e vrar\u00eb n\u00eb nj\u00eb sulm izraelit n\u00eb Gaza"},"content":{"rendered":"<figure class=\"post-featured-image\"><img decoding=\"async\" src=\"https:\/\/prizrenpost.com\/al\/wp-content\/uploads\/2026\/04\/Huda-Jumma-Attar.jpg\" alt=\"Varroset n\u00ebna e pes\u00eb f\u00ebmij\u00ebve, e vrar\u00eb n\u00eb nj\u00eb sulm izraelit n\u00eb Gaza\"\/><\/figure>\n<p>Nj\u00eb n\u00ebn\u00eb e pes\u00eb f\u00ebmij\u00ebve, e cila u vra n\u00eb nj\u00eb sulm izraelit pavar\u00ebsisht arm\u00ebpushimit, \u00ebsht\u00eb varrosur n\u00eb Rripin e Gaz\u00ebs, raporton Anadolu.<\/p>\n<p>40-vje\u00e7arja Huda Jumma Attar, n\u00ebn\u00eb e pes\u00eb f\u00ebmij\u00ebve, u vra n\u00eb nj\u00eb sulm izraelit n\u00eb Khan Younis. Ajo \u00ebsht\u00eb nj\u00eb viktim\u00eb tjet\u00ebr n\u00eb nj\u00eb seri shkeljesh t\u00eb vazhdueshme t\u00eb arm\u00ebpushimit n\u00eb enklav\u00ebn e rrethuar palestineze.<\/p>\n<p>T\u00eb af\u00ebrmit e n\u00ebn\u00ebs palestineze u mblodh\u00ebn n\u00eb oborrin e Spitalit Nasser, t\u00eb pushtuar nga dhimbja, p\u00ebr t\u2019i dh\u00ebn\u00eb lamtumir\u00ebn e fundit n\u00ebn\u00ebs s\u00eb ndjer\u00eb.<\/p>\n<p>Sipas zyr\u00ebs s\u00eb mediave t\u00eb qeveris\u00eb n\u00eb Gaza, Izraeli ka kryer t\u00eb pakt\u00ebn 2.400 shkelje t\u00eb marr\u00ebveshjes s\u00eb arm\u00ebpushimit t\u00eb arritur tetorin e kaluar, p\u00ebrfshir\u00eb vrasje, arrestime, rrethim dhe uri. Vet\u00ebm q\u00eb at\u00ebher\u00eb, sipas autoriteteve sh\u00ebndet\u00ebsore n\u00eb enklav\u00eb, Izraeli ka vrar\u00eb t\u00eb pakt\u00ebn 972 palestinez\u00eb dhe ka plagosur 2.235 t\u00eb tjer\u00eb.<\/p>\n<p>N\u00eb luft\u00ebn dyvje\u00e7are gjenocidale t\u00eb Izraelit, n\u00eb Gaza jan\u00eb vrar\u00eb t\u00eb pakt\u00ebn 72 mij\u00eb palestinez\u00eb, jan\u00eb plagosur 172 mij\u00eb t\u00eb tjer\u00eb, si dhe \u00ebsht\u00eb shkatuar nj\u00eb shkat\u00ebrrim masiv q\u00eb ka prekur 90 p\u00ebr qind t\u00eb infrastruktur\u00ebs civile.<\/p>\n<hr style=\"margin:30px 0\"\/>\n<p style=\"font-size:13px;color:#666\">Burimi: <strong>mesazhi<\/strong><\/p>\n","protected":false},"excerpt":{"rendered":"<p>Nj\u00eb n\u00ebn\u00eb e pes\u00eb f\u00ebmij\u00ebve, e cila u vra n\u00eb nj\u00eb sulm izraelit pavar\u00ebsisht arm\u00ebpushimit, \u00ebsht\u00eb varrosur n\u00eb Rripin e Gaz\u00ebs, raporton Anadolu. 40-vje\u00e7arja Huda Jumma Attar, n\u00ebn\u00eb e pes\u00eb f\u00ebmij\u00ebve, u vra n\u00eb nj\u00eb sulm izraelit n\u00eb Khan Younis. Ajo \u00ebsht\u00eb nj\u00eb viktim\u00eb tjet\u00ebr n\u00eb nj\u00eb seri shkeljesh t\u00eb vazhdueshme t\u00eb arm\u00ebpushimit n\u00eb enklav\u00ebn [&hellip;]<\/p>\n","protected":false},"author":1,"featured_media":107727,"comment_status":"open","ping_status":"open","sticky":false,"template":"","format":"standard","meta":{"footnotes":""},"categories":[24],"tags":[3803],"class_list":["post-107728","post","type-post","status-publish","format-standard","has-post-thumbnail","hentry","category-bote","tag-aktuale"],"_links":{"self":[{"href":"https:\/\/prizrenpost.com\/al\/wp-json\/wp\/v2\/posts\/107728","targetHints":{"allow":["GET"]}}],"collection":[{"href":"https:\/\/prizrenpost.com\/al\/wp-json\/wp\/v2\/posts"}],"about":[{"href":"https:\/\/prizrenpost.com\/al\/wp-json\/wp\/v2\/types\/post"}],"author":[{"embeddable":true,"href":"https:\/\/prizrenpost.com\/al\/wp-json\/wp\/v2\/users\/1"}],"replies":[{"embeddable":true,"href":"https:\/\/prizrenpost.com\/al\/wp-json\/wp\/v2\/comments?post=107728"}],"version-history":[{"count":0,"href":"https:\/\/prizrenpost.com\/al\/wp-json\/wp\/v2\/posts\/107728\/revisions"}],"wp:featuredmedia":[{"embeddable":true,"href":"https:\/\/prizrenpost.com\/al\/wp-json\/wp\/v2\/media\/107727"}],"wp:attachment":[{"href":"https:\/\/prizrenpost.com\/al\/wp-json\/wp\/v2\/media?parent=107728"}],"wp:term":[{"taxonomy":"category","embeddable":true,"href":"https:\/\/prizrenpost.com\/al\/wp-json\/wp\/v2\/categories?post=107728"},{"taxonomy":"post_tag","embeddable":true,"href":"https:\/\/prizrenpost.com\/al\/wp-json\/wp\/v2\/tags?post=107728"}],"curies":[{"name":"wp","href":"https:\/\/api.w.org\/{rel}","templated":true}]}}