{"id":107733,"date":"2026-04-26T19:05:09","date_gmt":"2026-04-26T16:05:09","guid":{"rendered":"https:\/\/prizrenpost.com\/al\/vriten-burre-e-grua-brenda-vetures-ne-lezhe\/"},"modified":"2026-04-26T19:05:09","modified_gmt":"2026-04-26T16:05:09","slug":"vriten-burre-e-grua-brenda-vetures-ne-lezhe","status":"publish","type":"post","link":"https:\/\/prizrenpost.com\/al\/vriten-burre-e-grua-brenda-vetures-ne-lezhe\/","title":{"rendered":"Vriten burr\u00eb e grua brenda vetur\u00ebs n\u00eb Lezh\u00eb"},"content":{"rendered":"<figure class=\"post-featured-image\"><img decoding=\"async\" src=\"https:\/\/prizrenpost.com\/al\/wp-content\/uploads\/2026\/01\/prizrenpostog-og.jpg\" alt=\"Vriten burr\u00eb e grua brenda vetur\u00ebs n\u00eb Lezh\u00eb\"\/><\/figure>\n<p>Dy persona dyshohet se jan\u00eb vrar\u00eb n\u00eb nj\u00eb atentat n\u00eb l\u00ebvizje n\u00eb Lezh\u00eb.<\/p>\n<p>Sipas informacioneve paraprake, viktimat burr\u00eb e grua ndodheshin n\u00eb nj\u00eb automjet q\u00eb \u00ebsht\u00eb q\u00eblluar me arm\u00eb zjarri nga persona ende t\u00eb paidentifikuar.<\/p>\n<p>Pamjet nga vendngjarja t\u00eb publikuara nga TopChannel tregojn\u00eb se automjeti \u00ebsht\u00eb goditur disa her\u00eb me arm\u00eb, duke l\u00ebn\u00eb t\u00eb vdekur t\u00eb personat brenda tij.<\/p>\n<p>Trupat e viktimave ndodhen ende n\u00eb makin\u00eb, nd\u00ebrsa rrethanat e plota t\u00eb ngjarjes mbeten t\u00eb paqarta.<\/p>\n<p>N\u00eb vendin e ngjarjes kan\u00eb mb\u00ebrritur forcat e policis\u00eb, t\u00eb cilat kan\u00eb nisur hetimet p\u00ebr zbardhjen e atentatit dhe identifikimin e autor\u00ebve. <\/p>\n<hr style=\"margin:30px 0\"\/>\n<p style=\"font-size:13px;color:#666\">Burimi: <strong>mesazhi<\/strong><\/p>\n","protected":false},"excerpt":{"rendered":"<p>Dy persona dyshohet se jan\u00eb vrar\u00eb n\u00eb nj\u00eb atentat n\u00eb l\u00ebvizje n\u00eb Lezh\u00eb. Sipas informacioneve paraprake, viktimat burr\u00eb e grua ndodheshin n\u00eb nj\u00eb automjet q\u00eb \u00ebsht\u00eb q\u00eblluar me arm\u00eb zjarri nga persona ende t\u00eb paidentifikuar. Pamjet nga vendngjarja t\u00eb publikuara nga TopChannel tregojn\u00eb se automjeti \u00ebsht\u00eb goditur disa her\u00eb me arm\u00eb, duke l\u00ebn\u00eb t\u00eb vdekur [&hellip;]<\/p>\n","protected":false},"author":1,"featured_media":94304,"comment_status":"open","ping_status":"open","sticky":false,"template":"","format":"standard","meta":{"footnotes":""},"categories":[15],"tags":[],"class_list":["post-107733","post","type-post","status-publish","format-standard","has-post-thumbnail","hentry","category-ballkan"],"_links":{"self":[{"href":"https:\/\/prizrenpost.com\/al\/wp-json\/wp\/v2\/posts\/107733","targetHints":{"allow":["GET"]}}],"collection":[{"href":"https:\/\/prizrenpost.com\/al\/wp-json\/wp\/v2\/posts"}],"about":[{"href":"https:\/\/prizrenpost.com\/al\/wp-json\/wp\/v2\/types\/post"}],"author":[{"embeddable":true,"href":"https:\/\/prizrenpost.com\/al\/wp-json\/wp\/v2\/users\/1"}],"replies":[{"embeddable":true,"href":"https:\/\/prizrenpost.com\/al\/wp-json\/wp\/v2\/comments?post=107733"}],"version-history":[{"count":0,"href":"https:\/\/prizrenpost.com\/al\/wp-json\/wp\/v2\/posts\/107733\/revisions"}],"wp:featuredmedia":[{"embeddable":true,"href":"https:\/\/prizrenpost.com\/al\/wp-json\/wp\/v2\/media\/94304"}],"wp:attachment":[{"href":"https:\/\/prizrenpost.com\/al\/wp-json\/wp\/v2\/media?parent=107733"}],"wp:term":[{"taxonomy":"category","embeddable":true,"href":"https:\/\/prizrenpost.com\/al\/wp-json\/wp\/v2\/categories?post=107733"},{"taxonomy":"post_tag","embeddable":true,"href":"https:\/\/prizrenpost.com\/al\/wp-json\/wp\/v2\/tags?post=107733"}],"curies":[{"name":"wp","href":"https:\/\/api.w.org\/{rel}","templated":true}]}}