{"id":107735,"date":"2026-04-26T19:05:13","date_gmt":"2026-04-26T16:05:13","guid":{"rendered":"https:\/\/prizrenpost.com\/al\/ministri-rus-i-mbrojtjes-dhe-lideri-i-korese-se-veriut-takohen-ne-phenian\/"},"modified":"2026-04-26T19:05:13","modified_gmt":"2026-04-26T16:05:13","slug":"ministri-rus-i-mbrojtjes-dhe-lideri-i-korese-se-veriut-takohen-ne-phenian","status":"publish","type":"post","link":"https:\/\/prizrenpost.com\/al\/ministri-rus-i-mbrojtjes-dhe-lideri-i-korese-se-veriut-takohen-ne-phenian\/","title":{"rendered":"Ministri rus i Mbrojtjes dhe lideri i Kores\u00eb s\u00eb Veriut takohen n\u00eb Phenian"},"content":{"rendered":"<figure class=\"post-featured-image\"><img decoding=\"async\" src=\"https:\/\/prizrenpost.com\/al\/wp-content\/uploads\/2026\/04\/thumbs_b_c_8a95247740cdcef8a074e3a09a3db557.jpg\" alt=\"Ministri rus i Mbrojtjes dhe lideri i Kores\u00eb s\u00eb Veriut takohen n\u00eb Phenian\"\/><\/figure>\n<p>Ministri rus i Mbrojtjes, Andrey Belousov, ka zhvilluar bisedime n\u00eb Phenian me liderin e Kores\u00eb s\u00eb Veriut, Kim Jong-un, transmeton Anadolu.<\/p>\n<p>Ministria e Mbrojtjes e Rusis\u00eb njoftoi se Belousov dhe Kim diskutuan gjendjen dhe perspektivat e bashk\u00ebpunimit ushtarak mes Mosk\u00ebs dhe Phenianit.<\/p>\n<p>\u201cNe kemi r\u00ebn\u00eb dakord me Ministrin\u00eb e Mbrojtjes t\u00eb Kores\u00eb s\u00eb Veriut q\u00eb bashk\u00ebpunimin ushtarak ta vendosim mbi baza t\u00eb q\u00ebndrueshme dhe afatgjata. Jemi t\u00eb gatsh\u00ebm t\u00eb n\u00ebnshkruajm\u00eb k\u00ebt\u00eb vit Planin p\u00ebr Bashk\u00ebpunimin Ushtarak Rusi-Kore p\u00ebr periudh\u00ebn 2027\u20132031\u201d, tha Belousov.<\/p>\n<p>Ministri rus theksoi se ishte \u201cnj\u00eb nder i madh\u201d p\u00ebr t\u00eb t\u00eb takohej me liderin koreano-verior dhe e fal\u00ebnderoi at\u00eb p\u00ebr \u201cmikpritjen tradicionalisht t\u00eb ngroht\u00eb\u201d ndaj delegacionit rus n\u00eb Phenian.<\/p>\n<p>\u201cMarr\u00ebdh\u00ebniet nd\u00ebrshtet\u00ebrore ruso-koreane jan\u00eb n\u00eb nj\u00eb nivel t\u00eb paprecedent\u00eb. Viti aktual premton t\u00eb jet\u00eb po aq i ngarkuar sa i p\u00ebrket kontakteve dypal\u00ebshe n\u00eb nj\u00eb s\u00ebr\u00eb fushash\u201d, tha Belousov.<\/p>\n<p>Ai shtoi se Moska e vler\u00ebson shum\u00eb vendimin e liderit t\u00eb Kores\u00eb s\u00eb Veriut p\u00ebr t\u00eb ftuar delegacionin ushtarak rus n\u00eb hapjen e muzeut dhe kompleksit memorial kushtuar veprave luftarake t\u00eb ushtarak\u00ebve korean\u00eb jasht\u00eb vendit.<\/p>\n<p>\u201c\u00cbsht\u00eb nj\u00eb nder dhe privilegj i madh p\u00ebr ne t\u00eb marrim pjes\u00eb n\u00eb k\u00ebt\u00eb ngjarje historike\u201d, tha ai.<\/p>\n<hr style=\"margin:30px 0\"\/>\n<p style=\"font-size:13px;color:#666\">Burimi: <strong>mesazhi<\/strong><\/p>\n","protected":false},"excerpt":{"rendered":"<p>Ministri rus i Mbrojtjes, Andrey Belousov, ka zhvilluar bisedime n\u00eb Phenian me liderin e Kores\u00eb s\u00eb Veriut, Kim Jong-un, transmeton Anadolu. Ministria e Mbrojtjes e Rusis\u00eb njoftoi se Belousov dhe Kim diskutuan gjendjen dhe perspektivat e bashk\u00ebpunimit ushtarak mes Mosk\u00ebs dhe Phenianit. \u201cNe kemi r\u00ebn\u00eb dakord me Ministrin\u00eb e Mbrojtjes t\u00eb Kores\u00eb s\u00eb Veriut q\u00eb [&hellip;]<\/p>\n","protected":false},"author":1,"featured_media":107734,"comment_status":"open","ping_status":"open","sticky":false,"template":"","format":"standard","meta":{"footnotes":""},"categories":[24],"tags":[3803],"class_list":["post-107735","post","type-post","status-publish","format-standard","has-post-thumbnail","hentry","category-bote","tag-aktuale"],"_links":{"self":[{"href":"https:\/\/prizrenpost.com\/al\/wp-json\/wp\/v2\/posts\/107735","targetHints":{"allow":["GET"]}}],"collection":[{"href":"https:\/\/prizrenpost.com\/al\/wp-json\/wp\/v2\/posts"}],"about":[{"href":"https:\/\/prizrenpost.com\/al\/wp-json\/wp\/v2\/types\/post"}],"author":[{"embeddable":true,"href":"https:\/\/prizrenpost.com\/al\/wp-json\/wp\/v2\/users\/1"}],"replies":[{"embeddable":true,"href":"https:\/\/prizrenpost.com\/al\/wp-json\/wp\/v2\/comments?post=107735"}],"version-history":[{"count":0,"href":"https:\/\/prizrenpost.com\/al\/wp-json\/wp\/v2\/posts\/107735\/revisions"}],"wp:featuredmedia":[{"embeddable":true,"href":"https:\/\/prizrenpost.com\/al\/wp-json\/wp\/v2\/media\/107734"}],"wp:attachment":[{"href":"https:\/\/prizrenpost.com\/al\/wp-json\/wp\/v2\/media?parent=107735"}],"wp:term":[{"taxonomy":"category","embeddable":true,"href":"https:\/\/prizrenpost.com\/al\/wp-json\/wp\/v2\/categories?post=107735"},{"taxonomy":"post_tag","embeddable":true,"href":"https:\/\/prizrenpost.com\/al\/wp-json\/wp\/v2\/tags?post=107735"}],"curies":[{"name":"wp","href":"https:\/\/api.w.org\/{rel}","templated":true}]}}