{"id":107742,"date":"2026-04-26T20:10:12","date_gmt":"2026-04-26T17:10:12","guid":{"rendered":"https:\/\/prizrenpost.com\/al\/i-shkruante-cetniket-e-veriut-ne-bluze-policia-ndalon-17-vjecarin-serb-ne-zubin-potok\/"},"modified":"2026-04-26T20:10:12","modified_gmt":"2026-04-26T17:10:12","slug":"i-shkruante-cetniket-e-veriut-ne-bluze-policia-ndalon-17-vjecarin-serb-ne-zubin-potok","status":"publish","type":"post","link":"https:\/\/prizrenpost.com\/al\/i-shkruante-cetniket-e-veriut-ne-bluze-policia-ndalon-17-vjecarin-serb-ne-zubin-potok\/","title":{"rendered":"I shkruante \u201c\u00c7ETNIK\u00cbT E VERIUT\u201d n\u00eb bluz\u00eb, Policia ndalon 17 vje\u00e7arin serb n\u00eb Zubin Potok"},"content":{"rendered":"<figure class=\"post-featured-image\"><img decoding=\"async\" src=\"https:\/\/prizrenpost.com\/al\/wp-content\/uploads\/2026\/04\/IMG_8725.jpeg\" alt=\"I shkruante \u201c\u00c7ETNIK\u00cbT E VERIUT\u201d n\u00eb bluz\u00eb, Policia ndalon 17 vje\u00e7arin serb n\u00eb Zubin Potok\"\/><\/figure>\n<p>Policia e Kosov\u00ebs ka ndaluar k\u00ebt\u00eb pasdite nj\u00eb t\u00eb ri serb me inicialet B.M, 17 vje\u00e7, nga Zubin Potoku, njofton \u201cMitropol\u201d.<\/p>\n<p>I njejti si\u00e7 ka raportuar ZP Info u ndalua p\u00ebr shkak t\u00eb mbishkrimit nacionalist serb \u201c\u00c7etnik\u00ebt e Veriut\u201d q\u00eb e kishte n\u00eb bluz\u00eb.<\/p>\n<p>Policia e Kosov\u00ebs ka konfirmuar se i riu ndodhet n\u00eb stacion policor dhe pasi t\u2019i shqiptohet gjoba, me shum\u00eb gjas\u00eb do t\u00eb lirohet.<\/p>\n<p>Policia e Kosov\u00ebs gjat\u00eb muajve t\u00eb fundit ka ndaluar disa persona, p\u00ebr shkak t\u00eb mbishkrimeve nacionaliste n\u00eb bluza, shum\u00eb prej t\u00eb cilave p\u00ebr\u00e7ojn\u00eb mesazhe q\u00eb mohojn\u00eb shtet\u00ebsin\u00eb e Kosov\u00ebs dhe shprehin pretedet territoriale t\u00eb Serbis\u00eb n\u00eb Kosov\u00eb.<\/p>\n<p>\u201cMitropol\u201d ka kontaktuar me stacionin e Policis\u00eb s\u00eb Kosov\u00ebs p\u00ebr rajonin e Veriut dhe ndodhet n\u00eb pritje t\u00eb detajeve tjera p\u00ebr rastin.\/Mitropol\/<\/p>\n<hr style=\"margin:30px 0\"\/>\n<p style=\"font-size:13px;color:#666\">Burimi: <strong>mitropol<\/strong><\/p>\n","protected":false},"excerpt":{"rendered":"<p>Policia e Kosov\u00ebs ka ndaluar k\u00ebt\u00eb pasdite nj\u00eb t\u00eb ri serb me inicialet B.M, 17 vje\u00e7, nga Zubin Potoku, njofton \u201cMitropol\u201d. I njejti si\u00e7 ka raportuar ZP Info u ndalua p\u00ebr shkak t\u00eb mbishkrimit nacionalist serb \u201c\u00c7etnik\u00ebt e Veriut\u201d q\u00eb e kishte n\u00eb bluz\u00eb. Policia e Kosov\u00ebs ka konfirmuar se i riu ndodhet n\u00eb stacion [&hellip;]<\/p>\n","protected":false},"author":1,"featured_media":107741,"comment_status":"open","ping_status":"open","sticky":false,"template":"","format":"standard","meta":{"footnotes":""},"categories":[14],"tags":[3803],"class_list":["post-107742","post","type-post","status-publish","format-standard","has-post-thumbnail","hentry","category-kombetare","tag-aktuale"],"_links":{"self":[{"href":"https:\/\/prizrenpost.com\/al\/wp-json\/wp\/v2\/posts\/107742","targetHints":{"allow":["GET"]}}],"collection":[{"href":"https:\/\/prizrenpost.com\/al\/wp-json\/wp\/v2\/posts"}],"about":[{"href":"https:\/\/prizrenpost.com\/al\/wp-json\/wp\/v2\/types\/post"}],"author":[{"embeddable":true,"href":"https:\/\/prizrenpost.com\/al\/wp-json\/wp\/v2\/users\/1"}],"replies":[{"embeddable":true,"href":"https:\/\/prizrenpost.com\/al\/wp-json\/wp\/v2\/comments?post=107742"}],"version-history":[{"count":0,"href":"https:\/\/prizrenpost.com\/al\/wp-json\/wp\/v2\/posts\/107742\/revisions"}],"wp:featuredmedia":[{"embeddable":true,"href":"https:\/\/prizrenpost.com\/al\/wp-json\/wp\/v2\/media\/107741"}],"wp:attachment":[{"href":"https:\/\/prizrenpost.com\/al\/wp-json\/wp\/v2\/media?parent=107742"}],"wp:term":[{"taxonomy":"category","embeddable":true,"href":"https:\/\/prizrenpost.com\/al\/wp-json\/wp\/v2\/categories?post=107742"},{"taxonomy":"post_tag","embeddable":true,"href":"https:\/\/prizrenpost.com\/al\/wp-json\/wp\/v2\/tags?post=107742"}],"curies":[{"name":"wp","href":"https:\/\/api.w.org\/{rel}","templated":true}]}}