{"id":107748,"date":"2026-04-26T21:20:20","date_gmt":"2026-04-26T18:20:20","guid":{"rendered":"https:\/\/prizrenpost.com\/al\/herzog-shtyn-vendimin-per-faljen-e-netanyahut-kerkon-marreveshje-paraprake\/"},"modified":"2026-04-26T21:20:20","modified_gmt":"2026-04-26T18:20:20","slug":"herzog-shtyn-vendimin-per-faljen-e-netanyahut-kerkon-marreveshje-paraprake","status":"publish","type":"post","link":"https:\/\/prizrenpost.com\/al\/herzog-shtyn-vendimin-per-faljen-e-netanyahut-kerkon-marreveshje-paraprake\/","title":{"rendered":"Herzog shtyn vendimin p\u00ebr faljen e Netanyahut, k\u00ebrkon marr\u00ebveshje paraprake"},"content":{"rendered":"<figure class=\"post-featured-image\"><img decoding=\"async\" src=\"https:\/\/prizrenpost.com\/al\/wp-content\/uploads\/2026\/04\/herzog-netanyahu.jpg\" alt=\"Herzog shtyn vendimin p\u00ebr faljen e Netanyahut, k\u00ebrkon marr\u00ebveshje paraprake\"\/><\/figure>\n<p>Presidenti i Izraelit, Isaac Herzog, deklaroi se do t\u00eb shqyrtoj\u00eb k\u00ebrkes\u00ebn p\u00ebr falje t\u00eb kryeministrit Benjamin Netanyahu vet\u00ebm pasi t\u00eb shterohen p\u00ebrpjekjet p\u00ebr arritjen e nj\u00eb marr\u00ebveshjeje jasht\u00eb gjykat\u00ebs n\u00eb \u00e7\u00ebshtjen e tij p\u00ebr korrupsion.<\/p>\n<p>N\u00eb nj\u00eb deklarat\u00eb t\u00eb publikuar t\u00eb diel\u00ebn, Herzog theksoi se nj\u00eb marr\u00ebveshje midis pal\u00ebve do t\u00eb ishte zgjidhja m\u00eb e mir\u00eb, duke sinjalizuar se nuk pritet nj\u00eb vendim i shpejt\u00eb p\u00ebr faljen.<\/p>\n<p>\u00c7\u00ebshtjet ligjore t\u00eb Netanyahut, q\u00eb nis\u00ebn rreth nj\u00eb dekad\u00eb m\u00eb par\u00eb, kan\u00eb polarizuar shoq\u00ebrin\u00eb izraelite dhe kan\u00eb ndikuar n\u00eb politik\u00ebn e vendit, duke \u00e7uar n\u00eb disa zgjedhje t\u00eb nj\u00ebpasnj\u00ebshme midis viteve 2019 dhe 2022. Zgjedhjet e ardhshme pritet t\u00eb mbahen deri n\u00eb fund t\u00eb tetorit 2026.<\/p>\n<p>Netanyahu i ka mohuar akuzat p\u00ebr ryshfet, mashtrim dhe shp\u00ebrdorim detyre. Ai \u00ebsht\u00eb kryeministri i par\u00eb n\u00eb detyr\u00eb n\u00eb Izrael q\u00eb p\u00ebrballet me akuza penale dhe pritet t\u00eb rikthehet n\u00eb gjykat\u00eb k\u00ebt\u00eb jav\u00eb, nd\u00ebrsa procesi gjyq\u00ebsor i nisur n\u00eb vitin 2020 vazhdon.<\/p>\n<p>Nd\u00ebrkoh\u00eb, presidenti amerikan Donald Trump ka b\u00ebr\u00eb disa thirrje publike q\u00eb Herzog t\u2019i jap\u00eb falje Netanyahut, duke e kritikuar at\u00eb p\u00ebr vonesat n\u00eb marrjen e vendimit. \/mesazhi<\/p>\n<hr style=\"margin:30px 0\"\/>\n<p style=\"font-size:13px;color:#666\">Burimi: <strong>mesazhi<\/strong><\/p>\n","protected":false},"excerpt":{"rendered":"<p>Presidenti i Izraelit, Isaac Herzog, deklaroi se do t\u00eb shqyrtoj\u00eb k\u00ebrkes\u00ebn p\u00ebr falje t\u00eb kryeministrit Benjamin Netanyahu vet\u00ebm pasi t\u00eb shterohen p\u00ebrpjekjet p\u00ebr arritjen e nj\u00eb marr\u00ebveshjeje jasht\u00eb gjykat\u00ebs n\u00eb \u00e7\u00ebshtjen e tij p\u00ebr korrupsion. N\u00eb nj\u00eb deklarat\u00eb t\u00eb publikuar t\u00eb diel\u00ebn, Herzog theksoi se nj\u00eb marr\u00ebveshje midis pal\u00ebve do t\u00eb ishte zgjidhja m\u00eb e [&hellip;]<\/p>\n","protected":false},"author":1,"featured_media":107747,"comment_status":"open","ping_status":"open","sticky":false,"template":"","format":"standard","meta":{"footnotes":""},"categories":[24],"tags":[3803],"class_list":["post-107748","post","type-post","status-publish","format-standard","has-post-thumbnail","hentry","category-bote","tag-aktuale"],"_links":{"self":[{"href":"https:\/\/prizrenpost.com\/al\/wp-json\/wp\/v2\/posts\/107748","targetHints":{"allow":["GET"]}}],"collection":[{"href":"https:\/\/prizrenpost.com\/al\/wp-json\/wp\/v2\/posts"}],"about":[{"href":"https:\/\/prizrenpost.com\/al\/wp-json\/wp\/v2\/types\/post"}],"author":[{"embeddable":true,"href":"https:\/\/prizrenpost.com\/al\/wp-json\/wp\/v2\/users\/1"}],"replies":[{"embeddable":true,"href":"https:\/\/prizrenpost.com\/al\/wp-json\/wp\/v2\/comments?post=107748"}],"version-history":[{"count":0,"href":"https:\/\/prizrenpost.com\/al\/wp-json\/wp\/v2\/posts\/107748\/revisions"}],"wp:featuredmedia":[{"embeddable":true,"href":"https:\/\/prizrenpost.com\/al\/wp-json\/wp\/v2\/media\/107747"}],"wp:attachment":[{"href":"https:\/\/prizrenpost.com\/al\/wp-json\/wp\/v2\/media?parent=107748"}],"wp:term":[{"taxonomy":"category","embeddable":true,"href":"https:\/\/prizrenpost.com\/al\/wp-json\/wp\/v2\/categories?post=107748"},{"taxonomy":"post_tag","embeddable":true,"href":"https:\/\/prizrenpost.com\/al\/wp-json\/wp\/v2\/tags?post=107748"}],"curies":[{"name":"wp","href":"https:\/\/api.w.org\/{rel}","templated":true}]}}