{"id":107750,"date":"2026-04-26T21:35:11","date_gmt":"2026-04-26T18:35:11","guid":{"rendered":"https:\/\/prizrenpost.com\/al\/cmimi-i-rrymes-me-i-lire-ne-veri-qytetaret-e-tjere-paguajne-me-shume-dhe-mbulojne-edhe-shpenzimet-operative\/"},"modified":"2026-04-26T21:35:11","modified_gmt":"2026-04-26T18:35:11","slug":"cmimi-i-rrymes-me-i-lire-ne-veri-qytetaret-e-tjere-paguajne-me-shume-dhe-mbulojne-edhe-shpenzimet-operative","status":"publish","type":"post","link":"https:\/\/prizrenpost.com\/al\/cmimi-i-rrymes-me-i-lire-ne-veri-qytetaret-e-tjere-paguajne-me-shume-dhe-mbulojne-edhe-shpenzimet-operative\/","title":{"rendered":"\u00c7mimi i rrym\u00ebs m\u00eb i lir\u00eb n\u00eb veri, qytetar\u00ebt e tjer\u00eb paguajn\u00eb m\u00eb shum\u00eb dhe mbulojn\u00eb edhe shpenzimet operative"},"content":{"rendered":"<figure class=\"post-featured-image\"><img decoding=\"async\" src=\"https:\/\/prizrenpost.com\/al\/wp-content\/uploads\/2026\/04\/IMG_7101.jpeg\" alt=\"\u00c7mimi i rrym\u00ebs m\u00eb i lir\u00eb n\u00eb veri, qytetar\u00ebt e tjer\u00eb paguajn\u00eb m\u00eb shum\u00eb dhe mbulojn\u00eb edhe shpenzimet operative\"\/><\/figure>\n<p>Deputetja Janina Ymeri ka ngritur kritika t\u00eb ashpra ndaj qeveris\u00eb s\u00eb Kosov\u00ebs, duke pretenduar se qytetar\u00ebt po trajtohen n\u00eb m\u00ebnyr\u00eb t\u00eb pabarabart\u00eb sa i p\u00ebrket \u00e7mimit t\u00eb energjis\u00eb elektrike.<\/p>\n<p>Sipas saj, n\u00eb komunat veriore t\u00eb vendit, ku furnizimi me energji b\u00ebhet nga \u201cElektroseveri\u201d, tarifat e rrym\u00ebs jan\u00eb deri n\u00eb 18.3 p\u00ebr qind m\u00eb t\u00eb ul\u00ebta krahasuar me pjes\u00ebn tjet\u00ebr t\u00eb Kosov\u00ebs, ku jeton shumica e qytetar\u00ebve.<\/p>\n<p>Ymeri ka theksuar se kjo situat\u00eb krijon nj\u00eb pabarazi t\u00eb dukshme n\u00eb faturat mujore t\u00eb energjis\u00eb, duke shtuar se qytetar\u00ebt n\u00eb pjes\u00ebt tjera t\u00eb vendit po paguajn\u00eb m\u00eb shum\u00eb p\u00ebr t\u00eb nj\u00ebjtin sh\u00ebrbim.<\/p>\n<p>Ajo ka shkuar edhe m\u00eb tej duke pretenduar se konsumator\u00ebt n\u00eb pjes\u00ebt tjera t\u00eb Kosov\u00ebs po mbulojn\u00eb edhe shpenzimet operative t\u00eb KEDS-it p\u00ebr zonat veriore, duke e cil\u00ebsuar k\u00ebt\u00eb si nj\u00eb padrejt\u00ebsi ndaj taksapaguesve.<\/p>\n<p>Deklaratat e saj vijn\u00eb n\u00eb nj\u00eb koh\u00eb kur \u00e7\u00ebshtja e furnizimit dhe tarifave t\u00eb energjis\u00eb elektrike mbetet nj\u00eb nga temat m\u00eb t\u00eb ndjeshme n\u00eb vend.<\/p>\n<hr style=\"margin:30px 0\"\/>\n<p style=\"font-size:13px;color:#666\">Burimi: <strong>mitropol<\/strong><\/p>\n","protected":false},"excerpt":{"rendered":"<p>Deputetja Janina Ymeri ka ngritur kritika t\u00eb ashpra ndaj qeveris\u00eb s\u00eb Kosov\u00ebs, duke pretenduar se qytetar\u00ebt po trajtohen n\u00eb m\u00ebnyr\u00eb t\u00eb pabarabart\u00eb sa i p\u00ebrket \u00e7mimit t\u00eb energjis\u00eb elektrike. Sipas saj, n\u00eb komunat veriore t\u00eb vendit, ku furnizimi me energji b\u00ebhet nga \u201cElektroseveri\u201d, tarifat e rrym\u00ebs jan\u00eb deri n\u00eb 18.3 p\u00ebr qind m\u00eb t\u00eb ul\u00ebta [&hellip;]<\/p>\n","protected":false},"author":1,"featured_media":107749,"comment_status":"open","ping_status":"open","sticky":false,"template":"","format":"standard","meta":{"footnotes":""},"categories":[14],"tags":[3803],"class_list":["post-107750","post","type-post","status-publish","format-standard","has-post-thumbnail","hentry","category-kombetare","tag-aktuale"],"_links":{"self":[{"href":"https:\/\/prizrenpost.com\/al\/wp-json\/wp\/v2\/posts\/107750","targetHints":{"allow":["GET"]}}],"collection":[{"href":"https:\/\/prizrenpost.com\/al\/wp-json\/wp\/v2\/posts"}],"about":[{"href":"https:\/\/prizrenpost.com\/al\/wp-json\/wp\/v2\/types\/post"}],"author":[{"embeddable":true,"href":"https:\/\/prizrenpost.com\/al\/wp-json\/wp\/v2\/users\/1"}],"replies":[{"embeddable":true,"href":"https:\/\/prizrenpost.com\/al\/wp-json\/wp\/v2\/comments?post=107750"}],"version-history":[{"count":0,"href":"https:\/\/prizrenpost.com\/al\/wp-json\/wp\/v2\/posts\/107750\/revisions"}],"wp:featuredmedia":[{"embeddable":true,"href":"https:\/\/prizrenpost.com\/al\/wp-json\/wp\/v2\/media\/107749"}],"wp:attachment":[{"href":"https:\/\/prizrenpost.com\/al\/wp-json\/wp\/v2\/media?parent=107750"}],"wp:term":[{"taxonomy":"category","embeddable":true,"href":"https:\/\/prizrenpost.com\/al\/wp-json\/wp\/v2\/categories?post=107750"},{"taxonomy":"post_tag","embeddable":true,"href":"https:\/\/prizrenpost.com\/al\/wp-json\/wp\/v2\/tags?post=107750"}],"curies":[{"name":"wp","href":"https:\/\/api.w.org\/{rel}","templated":true}]}}