{"id":107754,"date":"2026-04-26T21:55:10","date_gmt":"2026-04-26T18:55:10","guid":{"rendered":"https:\/\/prizrenpost.com\/al\/leonard-ademaj-kosova-duhet-te-behet-vend-ku-asnje-vajze-e-grua-nuk-maltretohet-apo-vritet-te-marre-fund-femicidi\/"},"modified":"2026-04-26T21:55:10","modified_gmt":"2026-04-26T18:55:10","slug":"leonard-ademaj-kosova-duhet-te-behet-vend-ku-asnje-vajze-e-grua-nuk-maltretohet-apo-vritet-te-marre-fund-femicidi","status":"publish","type":"post","link":"https:\/\/prizrenpost.com\/al\/leonard-ademaj-kosova-duhet-te-behet-vend-ku-asnje-vajze-e-grua-nuk-maltretohet-apo-vritet-te-marre-fund-femicidi\/","title":{"rendered":"Leonard Ademaj: Kosova duhet t\u00eb b\u00ebhet vend ku asnj\u00eb vajz\u00eb e grua nuk maltretohet apo vritet \u2013 t\u00eb marr\u00eb fund femicidi"},"content":{"rendered":"<figure class=\"post-featured-image\"><img decoding=\"async\" src=\"https:\/\/prizrenpost.com\/al\/wp-content\/uploads\/2026\/04\/IMG_7106.jpeg\" alt=\"Leonard Ademaj: Kosova duhet t\u00eb b\u00ebhet vend ku asnj\u00eb vajz\u00eb e grua nuk maltretohet apo vritet \u2013 t\u00eb marr\u00eb fund femicidi\"\/><\/figure>\n<p>Leonard Ademaj fal\u00ebnderon institucionet, mediat dhe qytetar\u00ebt p\u00ebr solidaritetin pas vrasjes s\u00eb motr\u00ebs s\u00eb tij.<\/p>\n<p>V\u00ebllai i s\u00eb ndjer\u00ebs Liridona Ademaj, Leonard Ademaj, ka shprehur mir\u00ebnjohje t\u00eb thell\u00eb p\u00ebr t\u00eb gjith\u00eb ata q\u00eb q\u00ebndruan pran\u00eb familjes s\u00eb tij pas ngjarjes tragjike q\u00eb tronditi vendin.<\/p>\n<p>N\u00eb nj\u00eb mesazh publik, ai p\u00ebrshkroi dhimbjen e madhe q\u00eb p\u00ebrjeton nj\u00eb familje kur p\u00ebrballet papritur me humbjen e nj\u00eb vajze apo motre, duke theksuar se pik\u00ebllimi \u00ebsht\u00eb i pap\u00ebrshkruesh\u00ebm dhe i r\u00ebnd\u00eb p\u00ebr t\u2019u p\u00ebrballuar.<\/p>\n<p>Ademaj vler\u00ebsoi lart solidaritetin e qytetar\u00ebve dhe rolin e institucioneve n\u00eb trajtimin e rastit, duke th\u00ebn\u00eb se ndon\u00ebse dhimbja mbetet, familja ndjehet disi m\u00eb e leht\u00ebsuar pas d\u00ebnimit t\u00eb autor\u00ebve.<\/p>\n<p>Ai fal\u00ebnderoi mediat dhe gazetar\u00ebt p\u00ebr raportimin profesional dhe etik, si dhe publikun p\u00ebr mb\u00ebshtetjen e madhe p\u00ebrmes mesazheve dhe komenteve nga e gjith\u00eb bota. Po ashtu, mir\u00ebnjohje t\u00eb ve\u00e7ant\u00eb shprehu p\u00ebr hetuesit, policin\u00eb, prokurorin\u00eb dhe gjykat\u00ebn p\u00ebr pun\u00ebn dhe profesionalizmin e treguar.<\/p>\n<p>N\u00eb m\u00ebnyr\u00eb t\u00eb ve\u00e7ant\u00eb, ai fal\u00ebnderoi avokatin Leutrim Syla p\u00ebr p\u00ebrfaq\u00ebsimin dhe p\u00ebrkushtimin e tij, si dhe aktivisten Flutura Kusari p\u00ebr mb\u00ebshtetjen e vazhdueshme ndaj familjes.<\/p>\n<p>N\u00eb fund, Ademaj b\u00ebri thirrje q\u00eb femicidi t\u00eb marr\u00eb fund n\u00eb Kosov\u00eb, duke theksuar se asnj\u00eb vajz\u00eb apo grua nuk duhet t\u00eb p\u00ebrballet me dhun\u00eb apo vrasje dhe se familja e tij \u00ebsht\u00eb e gatshme t\u00eb mb\u00ebshtes\u00eb \u00e7do iniciativ\u00eb q\u00eb synon ndalimin e k\u00ebsaj dukurie.<\/p>\n<hr style=\"margin:30px 0\"\/>\n<p style=\"font-size:13px;color:#666\">Burimi: <strong>mitropol<\/strong><\/p>\n","protected":false},"excerpt":{"rendered":"<p>Leonard Ademaj fal\u00ebnderon institucionet, mediat dhe qytetar\u00ebt p\u00ebr solidaritetin pas vrasjes s\u00eb motr\u00ebs s\u00eb tij. V\u00ebllai i s\u00eb ndjer\u00ebs Liridona Ademaj, Leonard Ademaj, ka shprehur mir\u00ebnjohje t\u00eb thell\u00eb p\u00ebr t\u00eb gjith\u00eb ata q\u00eb q\u00ebndruan pran\u00eb familjes s\u00eb tij pas ngjarjes tragjike q\u00eb tronditi vendin. N\u00eb nj\u00eb mesazh publik, ai p\u00ebrshkroi dhimbjen e madhe q\u00eb p\u00ebrjeton [&hellip;]<\/p>\n","protected":false},"author":1,"featured_media":107753,"comment_status":"open","ping_status":"open","sticky":false,"template":"","format":"standard","meta":{"footnotes":""},"categories":[14],"tags":[3803],"class_list":["post-107754","post","type-post","status-publish","format-standard","has-post-thumbnail","hentry","category-kombetare","tag-aktuale"],"_links":{"self":[{"href":"https:\/\/prizrenpost.com\/al\/wp-json\/wp\/v2\/posts\/107754","targetHints":{"allow":["GET"]}}],"collection":[{"href":"https:\/\/prizrenpost.com\/al\/wp-json\/wp\/v2\/posts"}],"about":[{"href":"https:\/\/prizrenpost.com\/al\/wp-json\/wp\/v2\/types\/post"}],"author":[{"embeddable":true,"href":"https:\/\/prizrenpost.com\/al\/wp-json\/wp\/v2\/users\/1"}],"replies":[{"embeddable":true,"href":"https:\/\/prizrenpost.com\/al\/wp-json\/wp\/v2\/comments?post=107754"}],"version-history":[{"count":0,"href":"https:\/\/prizrenpost.com\/al\/wp-json\/wp\/v2\/posts\/107754\/revisions"}],"wp:featuredmedia":[{"embeddable":true,"href":"https:\/\/prizrenpost.com\/al\/wp-json\/wp\/v2\/media\/107753"}],"wp:attachment":[{"href":"https:\/\/prizrenpost.com\/al\/wp-json\/wp\/v2\/media?parent=107754"}],"wp:term":[{"taxonomy":"category","embeddable":true,"href":"https:\/\/prizrenpost.com\/al\/wp-json\/wp\/v2\/categories?post=107754"},{"taxonomy":"post_tag","embeddable":true,"href":"https:\/\/prizrenpost.com\/al\/wp-json\/wp\/v2\/tags?post=107754"}],"curies":[{"name":"wp","href":"https:\/\/api.w.org\/{rel}","templated":true}]}}