{"id":107756,"date":"2026-04-26T23:25:23","date_gmt":"2026-04-26T20:25:23","guid":{"rendered":"https:\/\/prizrenpost.com\/al\/banoret-ne-jug-te-libanit-largohen-pas-urdhrit-te-ri-per-evakuim-nga-izraeli\/"},"modified":"2026-04-26T23:25:23","modified_gmt":"2026-04-26T20:25:23","slug":"banoret-ne-jug-te-libanit-largohen-pas-urdhrit-te-ri-per-evakuim-nga-izraeli","status":"publish","type":"post","link":"https:\/\/prizrenpost.com\/al\/banoret-ne-jug-te-libanit-largohen-pas-urdhrit-te-ri-per-evakuim-nga-izraeli\/","title":{"rendered":"Banor\u00ebt n\u00eb jug t\u00eb Libanit largohen pas urdhrit t\u00eb ri p\u00ebr evakuim nga Izraeli"},"content":{"rendered":"<figure class=\"post-featured-image\"><img decoding=\"async\" src=\"https:\/\/prizrenpost.com\/al\/wp-content\/uploads\/2026\/04\/afp_69ee509e0ae0-1777225886.jpg\" alt=\"Banor\u00ebt n\u00eb jug t\u00eb Libanit largohen pas urdhrit t\u00eb ri p\u00ebr evakuim nga Izraeli\"\/><\/figure>\n<p>Banor\u00ebt n\u00eb jug t\u00eb Libanit jan\u00eb detyruar t\u00eb largohen s\u00ebrish nga sht\u00ebpit\u00eb e tyre, pasi ushtria izraelite ka l\u00ebshuar nj\u00eb urdh\u00ebr t\u00eb ri p\u00ebr evakuim, nd\u00ebrsa sulmet ajrore jan\u00eb intensifikuar n\u00eb rajon.<\/p>\n<p>Sipas nj\u00eb drejtuesi lokal, fshati ishte rreth 75 p\u00ebr qind i populluar deri n\u00eb m\u00ebngjes, pasi shum\u00eb banor\u00eb ishin kthyer gjat\u00eb arm\u00ebpushimit p\u00ebr t\u00eb riparuar sht\u00ebpit\u00eb dhe bizneset e tyre. Megjithat\u00eb, pas paralajm\u00ebrimit t\u00eb fundit, ata u larguan me nxitim, duke marr\u00eb vet\u00ebm gj\u00ebrat m\u00eb t\u00eb domosdoshme.<\/p>\n<p>Shum\u00eb prej tyre mbet\u00ebn t\u00eb bllokuar n\u00eb trafik n\u00eb rrethrrotullimin kryesor t\u00eb zon\u00ebs, pasi nj\u00eb num\u00ebr i madh njer\u00ebzish po p\u00ebrpiqeshin t\u00eb largoheshin nj\u00ebkoh\u00ebsisht.<\/p>\n<p>Raportohet se nj\u00eb sulm izraelit goditi nj\u00eb kiosk\u00eb kafeje n\u00eb at\u00eb pik\u00eb, duke shkaktuar t\u00eb pakt\u00ebn nj\u00eb viktim\u00eb dhe disa t\u00eb plagosur. M\u00eb pas, dy sulme t\u00eb tjera godit\u00ebn t\u00eb nj\u00ebjtin vend, nd\u00ebrsa dhjet\u00ebra sulme t\u00eb tjera jan\u00eb raportuar n\u00eb t\u00eb gjith\u00eb jugun e Libanit.<\/p>\n<p>Spitalet dhe ekipet e emergjenc\u00ebs vazhdojn\u00eb t\u00eb raportojn\u00eb p\u00ebr viktima dhe t\u00eb plagosur nga sulmet e vazhdueshme. \/mesazhi<\/p>\n<hr style=\"margin:30px 0\"\/>\n<p style=\"font-size:13px;color:#666\">Burimi: <strong>mesazhi<\/strong><\/p>\n","protected":false},"excerpt":{"rendered":"<p>Banor\u00ebt n\u00eb jug t\u00eb Libanit jan\u00eb detyruar t\u00eb largohen s\u00ebrish nga sht\u00ebpit\u00eb e tyre, pasi ushtria izraelite ka l\u00ebshuar nj\u00eb urdh\u00ebr t\u00eb ri p\u00ebr evakuim, nd\u00ebrsa sulmet ajrore jan\u00eb intensifikuar n\u00eb rajon. Sipas nj\u00eb drejtuesi lokal, fshati ishte rreth 75 p\u00ebr qind i populluar deri n\u00eb m\u00ebngjes, pasi shum\u00eb banor\u00eb ishin kthyer gjat\u00eb arm\u00ebpushimit p\u00ebr [&hellip;]<\/p>\n","protected":false},"author":1,"featured_media":107755,"comment_status":"open","ping_status":"open","sticky":false,"template":"","format":"standard","meta":{"footnotes":""},"categories":[24],"tags":[3803],"class_list":["post-107756","post","type-post","status-publish","format-standard","has-post-thumbnail","hentry","category-bote","tag-aktuale"],"_links":{"self":[{"href":"https:\/\/prizrenpost.com\/al\/wp-json\/wp\/v2\/posts\/107756","targetHints":{"allow":["GET"]}}],"collection":[{"href":"https:\/\/prizrenpost.com\/al\/wp-json\/wp\/v2\/posts"}],"about":[{"href":"https:\/\/prizrenpost.com\/al\/wp-json\/wp\/v2\/types\/post"}],"author":[{"embeddable":true,"href":"https:\/\/prizrenpost.com\/al\/wp-json\/wp\/v2\/users\/1"}],"replies":[{"embeddable":true,"href":"https:\/\/prizrenpost.com\/al\/wp-json\/wp\/v2\/comments?post=107756"}],"version-history":[{"count":0,"href":"https:\/\/prizrenpost.com\/al\/wp-json\/wp\/v2\/posts\/107756\/revisions"}],"wp:featuredmedia":[{"embeddable":true,"href":"https:\/\/prizrenpost.com\/al\/wp-json\/wp\/v2\/media\/107755"}],"wp:attachment":[{"href":"https:\/\/prizrenpost.com\/al\/wp-json\/wp\/v2\/media?parent=107756"}],"wp:term":[{"taxonomy":"category","embeddable":true,"href":"https:\/\/prizrenpost.com\/al\/wp-json\/wp\/v2\/categories?post=107756"},{"taxonomy":"post_tag","embeddable":true,"href":"https:\/\/prizrenpost.com\/al\/wp-json\/wp\/v2\/tags?post=107756"}],"curies":[{"name":"wp","href":"https:\/\/api.w.org\/{rel}","templated":true}]}}