{"id":107761,"date":"2026-04-26T23:40:18","date_gmt":"2026-04-26T20:40:18","guid":{"rendered":"https:\/\/prizrenpost.com\/al\/mbreti-i-jordanise-cdo-marreveshje-shba-iran-duhet-te-garantoje-sigurine-e-vendeve-arabe\/"},"modified":"2026-04-26T23:40:18","modified_gmt":"2026-04-26T20:40:18","slug":"mbreti-i-jordanise-cdo-marreveshje-shba-iran-duhet-te-garantoje-sigurine-e-vendeve-arabe","status":"publish","type":"post","link":"https:\/\/prizrenpost.com\/al\/mbreti-i-jordanise-cdo-marreveshje-shba-iran-duhet-te-garantoje-sigurine-e-vendeve-arabe\/","title":{"rendered":"Mbreti i Jordanis\u00eb: \u00c7do marr\u00ebveshje SHBA-Iran duhet t\u00eb garantoj\u00eb sigurin\u00eb e vendeve arabe"},"content":{"rendered":"<figure class=\"post-featured-image\"><img decoding=\"async\" src=\"https:\/\/prizrenpost.com\/al\/wp-content\/uploads\/2026\/04\/Mbreti-Abdullah-II-i-Jordanise.jpg\" alt=\"Mbreti i Jordanis\u00eb: \u00c7do marr\u00ebveshje SHBA-Iran duhet t\u00eb garantoj\u00eb sigurin\u00eb e vendeve arabe\"\/><\/figure>\n<p>Mbreti i Jordanis\u00eb, Abdullah II, deklaroi se \u00e7do marr\u00ebveshje e mundshme mes Shteteve t\u00eb Bashkuara dhe Iranit duhet t\u00eb garantoj\u00eb sigurin\u00eb e vendeve arabe.<\/p>\n<p>Gjat\u00eb nj\u00eb takimi me ministrin e Jasht\u00ebm t\u00eb Kuvajtit, Jarrah Jaber al-Ahmad al-Sabah, ai diskutoi p\u00ebr marr\u00ebdh\u00ebniet e forta mes dy vendeve, si dhe p\u00ebr m\u00ebnyrat e zgjerimit t\u00eb bashk\u00ebpunimit n\u00eb fusha t\u00eb ndryshme dhe forcimin e veprimit t\u00eb p\u00ebrbashk\u00ebt arab p\u00ebr uljen e tensioneve n\u00eb rajon.<\/p>\n<p>Sipas nj\u00eb deklarate t\u00eb oborrit mbret\u00ebror, mbreti theksoi se siguria e Gjirit \u00ebsht\u00eb thelb\u00ebsore p\u00ebr stabilitetin e rajonit dhe t\u00eb bot\u00ebs. \/mesazhi<\/p>\n<hr style=\"margin:30px 0\"\/>\n<p style=\"font-size:13px;color:#666\">Burimi: <strong>mesazhi<\/strong><\/p>\n","protected":false},"excerpt":{"rendered":"<p>Mbreti i Jordanis\u00eb, Abdullah II, deklaroi se \u00e7do marr\u00ebveshje e mundshme mes Shteteve t\u00eb Bashkuara dhe Iranit duhet t\u00eb garantoj\u00eb sigurin\u00eb e vendeve arabe. Gjat\u00eb nj\u00eb takimi me ministrin e Jasht\u00ebm t\u00eb Kuvajtit, Jarrah Jaber al-Ahmad al-Sabah, ai diskutoi p\u00ebr marr\u00ebdh\u00ebniet e forta mes dy vendeve, si dhe p\u00ebr m\u00ebnyrat e zgjerimit t\u00eb bashk\u00ebpunimit n\u00eb [&hellip;]<\/p>\n","protected":false},"author":1,"featured_media":107760,"comment_status":"open","ping_status":"open","sticky":false,"template":"","format":"standard","meta":{"footnotes":""},"categories":[24],"tags":[3803],"class_list":["post-107761","post","type-post","status-publish","format-standard","has-post-thumbnail","hentry","category-bote","tag-aktuale"],"_links":{"self":[{"href":"https:\/\/prizrenpost.com\/al\/wp-json\/wp\/v2\/posts\/107761","targetHints":{"allow":["GET"]}}],"collection":[{"href":"https:\/\/prizrenpost.com\/al\/wp-json\/wp\/v2\/posts"}],"about":[{"href":"https:\/\/prizrenpost.com\/al\/wp-json\/wp\/v2\/types\/post"}],"author":[{"embeddable":true,"href":"https:\/\/prizrenpost.com\/al\/wp-json\/wp\/v2\/users\/1"}],"replies":[{"embeddable":true,"href":"https:\/\/prizrenpost.com\/al\/wp-json\/wp\/v2\/comments?post=107761"}],"version-history":[{"count":0,"href":"https:\/\/prizrenpost.com\/al\/wp-json\/wp\/v2\/posts\/107761\/revisions"}],"wp:featuredmedia":[{"embeddable":true,"href":"https:\/\/prizrenpost.com\/al\/wp-json\/wp\/v2\/media\/107760"}],"wp:attachment":[{"href":"https:\/\/prizrenpost.com\/al\/wp-json\/wp\/v2\/media?parent=107761"}],"wp:term":[{"taxonomy":"category","embeddable":true,"href":"https:\/\/prizrenpost.com\/al\/wp-json\/wp\/v2\/categories?post=107761"},{"taxonomy":"post_tag","embeddable":true,"href":"https:\/\/prizrenpost.com\/al\/wp-json\/wp\/v2\/tags?post=107761"}],"curies":[{"name":"wp","href":"https:\/\/api.w.org\/{rel}","templated":true}]}}